{"id":95,"date":"2023-05-17T13:55:54","date_gmt":"2023-05-17T13:55:54","guid":{"rendered":"http:\/\/www.damiano.cal24.pl\/?p=95"},"modified":"2023-05-17T14:51:22","modified_gmt":"2023-05-17T14:51:22","slug":"ukemi-cup-viii-turniej-karate-dzieci-i-mlodziezy-o-puchar-burmistrza-kobylina-1-04-2023","status":"publish","type":"post","link":"http:\/\/www.karate-pleszew.pl\/index.php\/2023\/05\/17\/ukemi-cup-viii-turniej-karate-dzieci-i-mlodziezy-o-puchar-burmistrza-kobylina-1-04-2023\/","title":{"rendered":"UKEMI CUP &#8211; VIII TURNIEJ KARATE DZIECI I M\u0141ODZIE\u017bY O PUCHAR BURMISTRZA KOBYLINA 1.04.2023"},"content":{"rendered":"\n<p>14 medali w tym 5 z\u0142otych, 3 srebrne i 6 br\u0105zowych wywalczyli zawodnicy PKK Pleszew na og\u00f3lnopolskim turnieju karate w Kobylinie.<\/p>\n\n\n\n<p>W zawodach wzi\u0119\u0142o udzia\u0142 20 zawodnik\u00f3w Pleszewskiego Klubu Karate. W klasyfikacji medalowej kumite nasi zawodnicy zaj\u0119li pierwsze miejsce z po\u015br\u00f3d 29 klub\u00f3w startuj\u0105cych.<\/p>\n\n\n\n<p><strong>Z\u0142ote medale wszystkie w kumite:<\/strong><\/p>\n\n\n\n<p>&#8211; Damir Volkov &#8211; 8-9 lat -35kg,<\/p>\n\n\n\n<p>&#8211; Feliks Gomu\u0142ka &#8211; 10-11 lat -30kg,<\/p>\n\n\n\n<p>&#8211; Bartosz Jag\u0142a &#8211; 10-11 lat -45kg,<\/p>\n\n\n\n<p>&#8211; Szymon Buczkowski &#8211; 12-13 lat +50kg,<\/p>\n\n\n\n<p>&#8211; Maja Kolanowska &#8211; juniorki m\u0142odsze -47kg,<\/p>\n\n\n\n<p><strong>Srebrne medale wszystkie w kumite:<\/strong><\/p>\n\n\n\n<p>&#8211; Aleks Klaczy\u0144ski &#8211; 8-9 lat -30kg,<\/p>\n\n\n\n<p>&#8211; Jan Borowczyk &#8211; 8-9 lat -35kg,<\/p>\n\n\n\n<p>&#8211; Jakub Borowczyk &#8211; junior -61kg,<\/p>\n\n\n\n<p><strong>Br\u0105zowe medale wszystkie w kumite:<\/strong><\/p>\n\n\n\n<p>&#8211; Zuzanna Kujawiak &#8211; 8-9 lat -30kg,<\/p>\n\n\n\n<p>&#8211; Borys Ma\u0142gowski &#8211; 8-9 lat -30kg,<\/p>\n\n\n\n<p>&#8211; Aleksander Urbaniak &#8211; 8-9 lat -30kg,<\/p>\n\n\n\n<p>&#8211; Aleksander Urbaniak &#8211; 10-11 lat -30kg,<\/p>\n\n\n\n<p>&#8211; Cezary J\u00f3\u017awiak &#8211; 12-13 lat -45kg,<\/p>\n\n\n\n<p>&#8211; Veronika Volkova -12-13 lat fantom,<\/p>\n\n\n\n<p><strong>Pi\u0105te miejsca:<\/strong><\/p>\n\n\n\n<p>&#8211; Damir Volkov &#8211; kata 8-9 lat,<\/p>\n\n\n\n<p>&#8211; Aleks Klaczy\u0144ski &#8211; 10-11 lat -30kg,<\/p>\n\n\n\n<p>&#8211; Maksymilian Margiela &#8211; 12-13 lat -40kg,<\/p>\n\n\n\n<p>&#8211; Maciej Nowakowski &#8211; 8-9 lat -30kg,<\/p>\n\n\n\n<p>&#8211; Celina \u017barnowska &#8211; 10-11 lat +40kg,<\/p>\n\n\n\n<p>W zawodach wzi\u0119li tak\u017ce udzia\u0142 \u0141ucja Gomu\u0142ka 1 walka wygrana, Pola Bier\u0142a, Sylwester Kapa\u0142a, Lena Szybiak.<\/p>\n\n\n\n<p><strong>Galeria zdj\u0119\u0107<\/strong><\/p>\n\n\n\n<figure class=\"wp-block-gallery has-nested-images columns-5 is-cropped wp-block-gallery-1 is-layout-flex wp-block-gallery-is-layout-flex\">\n<figure class=\"wp-block-image size-medium\"><a href=\"http:\/\/www.karate-pleszew.pl\/wp-content\/uploads\/2023\/05\/aLEKS.jpg\"><img loading=\"lazy\" decoding=\"async\" width=\"300\" height=\"224\" data-id=\"108\" src=\"http:\/\/www.karate-pleszew.pl\/wp-content\/uploads\/2023\/05\/aLEKS-300x224.jpg\" alt=\"\" class=\"wp-image-108\" srcset=\"http:\/\/www.karate-pleszew.pl\/wp-content\/uploads\/2023\/05\/aLEKS-300x224.jpg 300w, http:\/\/www.karate-pleszew.pl\/wp-content\/uploads\/2023\/05\/aLEKS-1024x766.jpg 1024w, http:\/\/www.karate-pleszew.pl\/wp-content\/uploads\/2023\/05\/aLEKS-768x575.jpg 768w, http:\/\/www.karate-pleszew.pl\/wp-content\/uploads\/2023\/05\/aLEKS-1536x1149.jpg 1536w, http:\/\/www.karate-pleszew.pl\/wp-content\/uploads\/2023\/05\/aLEKS-80x60.jpg 80w, http:\/\/www.karate-pleszew.pl\/wp-content\/uploads\/2023\/05\/aLEKS.jpg 1740w\" sizes=\"auto, (max-width: 300px) 100vw, 300px\" \/><\/a><\/figure>\n\n\n\n<figure class=\"wp-block-image size-medium\"><a href=\"http:\/\/www.karate-pleszew.pl\/wp-content\/uploads\/2023\/05\/borowczyk_Jakub.jpg\"><img loading=\"lazy\" decoding=\"async\" width=\"300\" height=\"300\" data-id=\"112\" src=\"http:\/\/www.karate-pleszew.pl\/wp-content\/uploads\/2023\/05\/borowczyk_Jakub-300x300.jpg\" alt=\"\" class=\"wp-image-112\" srcset=\"http:\/\/www.karate-pleszew.pl\/wp-content\/uploads\/2023\/05\/borowczyk_Jakub-300x300.jpg 300w, http:\/\/www.karate-pleszew.pl\/wp-content\/uploads\/2023\/05\/borowczyk_Jakub-1024x1024.jpg 1024w, http:\/\/www.karate-pleszew.pl\/wp-content\/uploads\/2023\/05\/borowczyk_Jakub-150x150.jpg 150w, http:\/\/www.karate-pleszew.pl\/wp-content\/uploads\/2023\/05\/borowczyk_Jakub-768x768.jpg 768w, http:\/\/www.karate-pleszew.pl\/wp-content\/uploads\/2023\/05\/borowczyk_Jakub-1536x1536.jpg 1536w, http:\/\/www.karate-pleszew.pl\/wp-content\/uploads\/2023\/05\/borowczyk_Jakub-60x60.jpg 60w, http:\/\/www.karate-pleszew.pl\/wp-content\/uploads\/2023\/05\/borowczyk_Jakub.jpg 1728w\" sizes=\"auto, (max-width: 300px) 100vw, 300px\" \/><\/a><\/figure>\n\n\n\n<figure class=\"wp-block-image size-medium\"><a href=\"http:\/\/www.karate-pleszew.pl\/wp-content\/uploads\/2023\/05\/Buczkowski.jpg\"><img loading=\"lazy\" decoding=\"async\" width=\"135\" height=\"300\" data-id=\"110\" src=\"http:\/\/www.karate-pleszew.pl\/wp-content\/uploads\/2023\/05\/Buczkowski-135x300.jpg\" alt=\"\" class=\"wp-image-110\" srcset=\"http:\/\/www.karate-pleszew.pl\/wp-content\/uploads\/2023\/05\/Buczkowski-135x300.jpg 135w, http:\/\/www.karate-pleszew.pl\/wp-content\/uploads\/2023\/05\/Buczkowski-462x1024.jpg 462w, http:\/\/www.karate-pleszew.pl\/wp-content\/uploads\/2023\/05\/Buczkowski-768x1704.jpg 768w, http:\/\/www.karate-pleszew.pl\/wp-content\/uploads\/2023\/05\/Buczkowski-692x1536.jpg 692w, http:\/\/www.karate-pleszew.pl\/wp-content\/uploads\/2023\/05\/Buczkowski-27x60.jpg 27w, http:\/\/www.karate-pleszew.pl\/wp-content\/uploads\/2023\/05\/Buczkowski.jpg 923w\" sizes=\"auto, (max-width: 135px) 100vw, 135px\" \/><\/a><\/figure>\n\n\n\n<figure class=\"wp-block-image size-medium\"><a href=\"http:\/\/www.karate-pleszew.pl\/wp-content\/uploads\/2023\/05\/Czarek.jpg\"><img loading=\"lazy\" decoding=\"async\" width=\"135\" height=\"300\" data-id=\"111\" src=\"http:\/\/www.karate-pleszew.pl\/wp-content\/uploads\/2023\/05\/Czarek-135x300.jpg\" alt=\"\" class=\"wp-image-111\" srcset=\"http:\/\/www.karate-pleszew.pl\/wp-content\/uploads\/2023\/05\/Czarek-135x300.jpg 135w, http:\/\/www.karate-pleszew.pl\/wp-content\/uploads\/2023\/05\/Czarek-462x1024.jpg 462w, http:\/\/www.karate-pleszew.pl\/wp-content\/uploads\/2023\/05\/Czarek-768x1704.jpg 768w, http:\/\/www.karate-pleszew.pl\/wp-content\/uploads\/2023\/05\/Czarek-692x1536.jpg 692w, http:\/\/www.karate-pleszew.pl\/wp-content\/uploads\/2023\/05\/Czarek-27x60.jpg 27w, http:\/\/www.karate-pleszew.pl\/wp-content\/uploads\/2023\/05\/Czarek.jpg 923w\" sizes=\"auto, (max-width: 135px) 100vw, 135px\" \/><\/a><\/figure>\n\n\n\n<figure class=\"wp-block-image size-medium\"><a href=\"http:\/\/www.karate-pleszew.pl\/wp-content\/uploads\/2023\/05\/felek.jpg\"><img loading=\"lazy\" decoding=\"async\" width=\"300\" height=\"224\" data-id=\"113\" src=\"http:\/\/www.karate-pleszew.pl\/wp-content\/uploads\/2023\/05\/felek-300x224.jpg\" alt=\"\" class=\"wp-image-113\" srcset=\"http:\/\/www.karate-pleszew.pl\/wp-content\/uploads\/2023\/05\/felek-300x224.jpg 300w, http:\/\/www.karate-pleszew.pl\/wp-content\/uploads\/2023\/05\/felek-1024x766.jpg 1024w, http:\/\/www.karate-pleszew.pl\/wp-content\/uploads\/2023\/05\/felek-768x575.jpg 768w, http:\/\/www.karate-pleszew.pl\/wp-content\/uploads\/2023\/05\/felek-1536x1149.jpg 1536w, http:\/\/www.karate-pleszew.pl\/wp-content\/uploads\/2023\/05\/felek-80x60.jpg 80w, http:\/\/www.karate-pleszew.pl\/wp-content\/uploads\/2023\/05\/felek.jpg 1740w\" sizes=\"auto, (max-width: 300px) 100vw, 300px\" \/><\/a><\/figure>\n\n\n\n<figure class=\"wp-block-image size-medium\"><a href=\"http:\/\/www.karate-pleszew.pl\/wp-content\/uploads\/2023\/05\/Jagla.jpg\"><img loading=\"lazy\" decoding=\"async\" width=\"300\" height=\"224\" data-id=\"109\" src=\"http:\/\/www.karate-pleszew.pl\/wp-content\/uploads\/2023\/05\/Jagla-300x224.jpg\" alt=\"\" class=\"wp-image-109\" srcset=\"http:\/\/www.karate-pleszew.pl\/wp-content\/uploads\/2023\/05\/Jagla-300x224.jpg 300w, http:\/\/www.karate-pleszew.pl\/wp-content\/uploads\/2023\/05\/Jagla-1024x766.jpg 1024w, http:\/\/www.karate-pleszew.pl\/wp-content\/uploads\/2023\/05\/Jagla-768x575.jpg 768w, http:\/\/www.karate-pleszew.pl\/wp-content\/uploads\/2023\/05\/Jagla-1536x1149.jpg 1536w, http:\/\/www.karate-pleszew.pl\/wp-content\/uploads\/2023\/05\/Jagla-80x60.jpg 80w, http:\/\/www.karate-pleszew.pl\/wp-content\/uploads\/2023\/05\/Jagla.jpg 1740w\" sizes=\"auto, (max-width: 300px) 100vw, 300px\" \/><\/a><\/figure>\n\n\n\n<figure class=\"wp-block-image size-medium\"><a href=\"http:\/\/www.karate-pleszew.pl\/wp-content\/uploads\/2023\/05\/MAJKA.jpg\"><img loading=\"lazy\" decoding=\"async\" width=\"300\" height=\"224\" data-id=\"114\" src=\"http:\/\/www.karate-pleszew.pl\/wp-content\/uploads\/2023\/05\/MAJKA-300x224.jpg\" alt=\"\" class=\"wp-image-114\" srcset=\"http:\/\/www.karate-pleszew.pl\/wp-content\/uploads\/2023\/05\/MAJKA-300x224.jpg 300w, http:\/\/www.karate-pleszew.pl\/wp-content\/uploads\/2023\/05\/MAJKA-1024x766.jpg 1024w, http:\/\/www.karate-pleszew.pl\/wp-content\/uploads\/2023\/05\/MAJKA-768x575.jpg 768w, http:\/\/www.karate-pleszew.pl\/wp-content\/uploads\/2023\/05\/MAJKA-1536x1149.jpg 1536w, http:\/\/www.karate-pleszew.pl\/wp-content\/uploads\/2023\/05\/MAJKA-80x60.jpg 80w, http:\/\/www.karate-pleszew.pl\/wp-content\/uploads\/2023\/05\/MAJKA.jpg 1740w\" sizes=\"auto, (max-width: 300px) 100vw, 300px\" \/><\/a><\/figure>\n\n\n\n<figure class=\"wp-block-image size-medium\"><a href=\"http:\/\/www.karate-pleszew.pl\/wp-content\/uploads\/2023\/05\/PKK-kobylin.jpg\"><img loading=\"lazy\" decoding=\"async\" width=\"135\" height=\"300\" data-id=\"115\" src=\"http:\/\/www.karate-pleszew.pl\/wp-content\/uploads\/2023\/05\/PKK-kobylin-135x300.jpg\" alt=\"\" class=\"wp-image-115\" srcset=\"http:\/\/www.karate-pleszew.pl\/wp-content\/uploads\/2023\/05\/PKK-kobylin-135x300.jpg 135w, http:\/\/www.karate-pleszew.pl\/wp-content\/uploads\/2023\/05\/PKK-kobylin-462x1024.jpg 462w, http:\/\/www.karate-pleszew.pl\/wp-content\/uploads\/2023\/05\/PKK-kobylin-768x1704.jpg 768w, http:\/\/www.karate-pleszew.pl\/wp-content\/uploads\/2023\/05\/PKK-kobylin-692x1536.jpg 692w, http:\/\/www.karate-pleszew.pl\/wp-content\/uploads\/2023\/05\/PKK-kobylin-27x60.jpg 27w, http:\/\/www.karate-pleszew.pl\/wp-content\/uploads\/2023\/05\/PKK-kobylin.jpg 923w\" sizes=\"auto, (max-width: 135px) 100vw, 135px\" \/><\/a><\/figure>\n\n\n\n<figure class=\"wp-block-image size-medium\"><a href=\"http:\/\/www.karate-pleszew.pl\/wp-content\/uploads\/2023\/05\/Volkov.jpg\"><img loading=\"lazy\" decoding=\"async\" width=\"225\" height=\"300\" data-id=\"117\" src=\"http:\/\/www.karate-pleszew.pl\/wp-content\/uploads\/2023\/05\/Volkov-225x300.jpg\" alt=\"\" class=\"wp-image-117\" srcset=\"http:\/\/www.karate-pleszew.pl\/wp-content\/uploads\/2023\/05\/Volkov-225x300.jpg 225w, http:\/\/www.karate-pleszew.pl\/wp-content\/uploads\/2023\/05\/Volkov-768x1024.jpg 768w, http:\/\/www.karate-pleszew.pl\/wp-content\/uploads\/2023\/05\/Volkov-1152x1536.jpg 1152w, http:\/\/www.karate-pleszew.pl\/wp-content\/uploads\/2023\/05\/Volkov-45x60.jpg 45w, http:\/\/www.karate-pleszew.pl\/wp-content\/uploads\/2023\/05\/Volkov.jpg 1200w\" sizes=\"auto, (max-width: 225px) 100vw, 225px\" \/><\/a><\/figure>\n\n\n\n<figure class=\"wp-block-image size-medium\"><a href=\"http:\/\/www.karate-pleszew.pl\/wp-content\/uploads\/2023\/05\/volkov_Borowczyk.jpg\"><img loading=\"lazy\" decoding=\"async\" width=\"225\" height=\"300\" data-id=\"116\" src=\"http:\/\/www.karate-pleszew.pl\/wp-content\/uploads\/2023\/05\/volkov_Borowczyk-225x300.jpg\" alt=\"\" class=\"wp-image-116\" srcset=\"http:\/\/www.karate-pleszew.pl\/wp-content\/uploads\/2023\/05\/volkov_Borowczyk-225x300.jpg 225w, http:\/\/www.karate-pleszew.pl\/wp-content\/uploads\/2023\/05\/volkov_Borowczyk-768x1024.jpg 768w, http:\/\/www.karate-pleszew.pl\/wp-content\/uploads\/2023\/05\/volkov_Borowczyk-1152x1536.jpg 1152w, http:\/\/www.karate-pleszew.pl\/wp-content\/uploads\/2023\/05\/volkov_Borowczyk-45x60.jpg 45w, http:\/\/www.karate-pleszew.pl\/wp-content\/uploads\/2023\/05\/volkov_Borowczyk.jpg 1200w\" sizes=\"auto, (max-width: 225px) 100vw, 225px\" \/><\/a><\/figure>\n\n\n\n<figure class=\"wp-block-image size-medium\"><a href=\"http:\/\/www.karate-pleszew.pl\/wp-content\/uploads\/2023\/05\/Volkov_Veronika.jpg\"><img loading=\"lazy\" decoding=\"async\" width=\"225\" height=\"300\" data-id=\"119\" src=\"http:\/\/www.karate-pleszew.pl\/wp-content\/uploads\/2023\/05\/Volkov_Veronika-225x300.jpg\" alt=\"\" class=\"wp-image-119\" srcset=\"http:\/\/www.karate-pleszew.pl\/wp-content\/uploads\/2023\/05\/Volkov_Veronika-225x300.jpg 225w, http:\/\/www.karate-pleszew.pl\/wp-content\/uploads\/2023\/05\/Volkov_Veronika-768x1024.jpg 768w, http:\/\/www.karate-pleszew.pl\/wp-content\/uploads\/2023\/05\/Volkov_Veronika-1152x1536.jpg 1152w, http:\/\/www.karate-pleszew.pl\/wp-content\/uploads\/2023\/05\/Volkov_Veronika-45x60.jpg 45w, http:\/\/www.karate-pleszew.pl\/wp-content\/uploads\/2023\/05\/Volkov_Veronika.jpg 1200w\" sizes=\"auto, (max-width: 225px) 100vw, 225px\" \/><\/a><\/figure>\n\n\n\n<figure class=\"wp-block-image size-medium\"><a href=\"http:\/\/www.karate-pleszew.pl\/wp-content\/uploads\/2023\/05\/VolkovJasiu.jpg\"><img loading=\"lazy\" decoding=\"async\" width=\"300\" height=\"224\" data-id=\"120\" src=\"http:\/\/www.karate-pleszew.pl\/wp-content\/uploads\/2023\/05\/VolkovJasiu-300x224.jpg\" alt=\"\" class=\"wp-image-120\" srcset=\"http:\/\/www.karate-pleszew.pl\/wp-content\/uploads\/2023\/05\/VolkovJasiu-300x224.jpg 300w, http:\/\/www.karate-pleszew.pl\/wp-content\/uploads\/2023\/05\/VolkovJasiu-1024x766.jpg 1024w, http:\/\/www.karate-pleszew.pl\/wp-content\/uploads\/2023\/05\/VolkovJasiu-768x575.jpg 768w, http:\/\/www.karate-pleszew.pl\/wp-content\/uploads\/2023\/05\/VolkovJasiu-1536x1149.jpg 1536w, http:\/\/www.karate-pleszew.pl\/wp-content\/uploads\/2023\/05\/VolkovJasiu-80x60.jpg 80w, http:\/\/www.karate-pleszew.pl\/wp-content\/uploads\/2023\/05\/VolkovJasiu.jpg 1740w\" sizes=\"auto, (max-width: 300px) 100vw, 300px\" \/><\/a><\/figure>\n\n\n\n<figure class=\"wp-block-image size-medium\"><a href=\"http:\/\/www.karate-pleszew.pl\/wp-content\/uploads\/2023\/05\/zuzia.jpg\"><img loading=\"lazy\" decoding=\"async\" width=\"300\" height=\"224\" data-id=\"118\" src=\"http:\/\/www.karate-pleszew.pl\/wp-content\/uploads\/2023\/05\/zuzia-300x224.jpg\" alt=\"\" class=\"wp-image-118\" srcset=\"http:\/\/www.karate-pleszew.pl\/wp-content\/uploads\/2023\/05\/zuzia-300x224.jpg 300w, http:\/\/www.karate-pleszew.pl\/wp-content\/uploads\/2023\/05\/zuzia-1024x766.jpg 1024w, http:\/\/www.karate-pleszew.pl\/wp-content\/uploads\/2023\/05\/zuzia-768x575.jpg 768w, http:\/\/www.karate-pleszew.pl\/wp-content\/uploads\/2023\/05\/zuzia-1536x1149.jpg 1536w, http:\/\/www.karate-pleszew.pl\/wp-content\/uploads\/2023\/05\/zuzia-80x60.jpg 80w, http:\/\/www.karate-pleszew.pl\/wp-content\/uploads\/2023\/05\/zuzia.jpg 1740w\" sizes=\"auto, (max-width: 300px) 100vw, 300px\" \/><\/a><\/figure>\n<\/figure>\n\n\n\n<p class=\"has-text-align-left\">Trener\u00a0Bart\u0142omiej So\u0142tysiak<\/p>\n","protected":false},"excerpt":{"rendered":"<p>14 medali w tym 5 z\u0142otych, 3 srebrne i 6 br\u0105zowych wywalczyli zawodnicy PKK Pleszew na og\u00f3lnopolskim turnieju karate w &hellip; <\/p>\n","protected":false},"author":1,"featured_media":96,"comment_status":"closed","ping_status":"closed","sticky":false,"template":"","format":"standard","meta":{"footnotes":""},"categories":[5],"tags":[],"class_list":["post-95","post","type-post","status-publish","format-standard","has-post-thumbnail","hentry","category-wydarzenia"],"_links":{"self":[{"href":"http:\/\/www.karate-pleszew.pl\/index.php\/wp-json\/wp\/v2\/posts\/95","targetHints":{"allow":["GET"]}}],"collection":[{"href":"http:\/\/www.karate-pleszew.pl\/index.php\/wp-json\/wp\/v2\/posts"}],"about":[{"href":"http:\/\/www.karate-pleszew.pl\/index.php\/wp-json\/wp\/v2\/types\/post"}],"author":[{"embeddable":true,"href":"http:\/\/www.karate-pleszew.pl\/index.php\/wp-json\/wp\/v2\/users\/1"}],"replies":[{"embeddable":true,"href":"http:\/\/www.karate-pleszew.pl\/index.php\/wp-json\/wp\/v2\/comments?post=95"}],"version-history":[{"count":6,"href":"http:\/\/www.karate-pleszew.pl\/index.php\/wp-json\/wp\/v2\/posts\/95\/revisions"}],"predecessor-version":[{"id":129,"href":"http:\/\/www.karate-pleszew.pl\/index.php\/wp-json\/wp\/v2\/posts\/95\/revisions\/129"}],"wp:featuredmedia":[{"embeddable":true,"href":"http:\/\/www.karate-pleszew.pl\/index.php\/wp-json\/wp\/v2\/media\/96"}],"wp:attachment":[{"href":"http:\/\/www.karate-pleszew.pl\/index.php\/wp-json\/wp\/v2\/media?parent=95"}],"wp:term":[{"taxonomy":"category","embeddable":true,"href":"http:\/\/www.karate-pleszew.pl\/index.php\/wp-json\/wp\/v2\/categories?post=95"},{"taxonomy":"post_tag","embeddable":true,"href":"http:\/\/www.karate-pleszew.pl\/index.php\/wp-json\/wp\/v2\/tags?post=95"}],"curies":[{"name":"wp","href":"https:\/\/api.w.org\/{rel}","templated":true}]}}