{"id":423,"date":"2024-09-18T12:33:20","date_gmt":"2024-09-18T12:33:20","guid":{"rendered":"http:\/\/www.damiano.cal24.pl\/?p=423"},"modified":"2026-04-02T19:35:44","modified_gmt":"2026-04-02T19:35:44","slug":"karate1-series-a-salzburg-2024","status":"publish","type":"post","link":"http:\/\/www.karate-pleszew.pl\/index.php\/2024\/09\/18\/karate1-series-a-salzburg-2024\/","title":{"rendered":"Karate1 Series A Salzburg 2024"},"content":{"rendered":"\n<p>Liga \u015awiatowa &#8211; Karate1 Series A 13-15 wrze\u015bnia 2024, Salzburg\/Austria. W gronie 1090 zawodnik\u00f3w z 81 kraj\u00f3w rywalizowa\u0142o dwoje zawodnik\u00f3w z Pleszewskiego Klubu Karate Magdalena Godlewska i Micha\u0142 Florczak.<\/p>\n\n\n\n<p>Magdalena Godlewska wyst\u0105pi\u0142a w kumite kobiet -68kg, w pierwszej rundzie pokona\u0142a zawodniczk\u0119 Ilm\u0119 Rahmanowic z Bo\u015bni i Hercegowiny 2-0 a kolejnej rundzie uleg\u0142a z p\u00f3\u017aniejsz\u0105 br\u0105zow\u0105 medalistka Ligi \u015awiatowej 1-3 Austriaczk\u0105 Alis\u0105 Buchiger.<\/p>\n\n\n\n<p>Natomiast Micha\u0142 Florczak w kumite m\u0119\u017cczyzn -84kg wygra\u0142 w pierwsz\u0105 walk\u0119 z Niemcem Lurylem Azoo 7-1 by w kolejnej rundzie ulec Kolumbijczykowi Dario Henao Amu Ruben 5-7.<\/p>\n","protected":false},"excerpt":{"rendered":"<p>Liga \u015awiatowa &#8211; Karate1 Series A 13-15 wrze\u015bnia 2024, Salzburg\/Austria. W gronie 1090 zawodnik\u00f3w z 81 kraj\u00f3w rywalizowa\u0142o dwoje zawodnik\u00f3w &hellip; <\/p>\n","protected":false},"author":2,"featured_media":438,"comment_status":"closed","ping_status":"open","sticky":false,"template":"","format":"standard","meta":{"footnotes":""},"categories":[1],"tags":[],"class_list":["post-423","post","type-post","status-publish","format-standard","has-post-thumbnail","hentry","category-rozne"],"_links":{"self":[{"href":"http:\/\/www.karate-pleszew.pl\/index.php\/wp-json\/wp\/v2\/posts\/423","targetHints":{"allow":["GET"]}}],"collection":[{"href":"http:\/\/www.karate-pleszew.pl\/index.php\/wp-json\/wp\/v2\/posts"}],"about":[{"href":"http:\/\/www.karate-pleszew.pl\/index.php\/wp-json\/wp\/v2\/types\/post"}],"author":[{"embeddable":true,"href":"http:\/\/www.karate-pleszew.pl\/index.php\/wp-json\/wp\/v2\/users\/2"}],"replies":[{"embeddable":true,"href":"http:\/\/www.karate-pleszew.pl\/index.php\/wp-json\/wp\/v2\/comments?post=423"}],"version-history":[{"count":1,"href":"http:\/\/www.karate-pleszew.pl\/index.php\/wp-json\/wp\/v2\/posts\/423\/revisions"}],"predecessor-version":[{"id":425,"href":"http:\/\/www.karate-pleszew.pl\/index.php\/wp-json\/wp\/v2\/posts\/423\/revisions\/425"}],"wp:featuredmedia":[{"embeddable":true,"href":"http:\/\/www.karate-pleszew.pl\/index.php\/wp-json\/wp\/v2\/media\/438"}],"wp:attachment":[{"href":"http:\/\/www.karate-pleszew.pl\/index.php\/wp-json\/wp\/v2\/media?parent=423"}],"wp:term":[{"taxonomy":"category","embeddable":true,"href":"http:\/\/www.karate-pleszew.pl\/index.php\/wp-json\/wp\/v2\/categories?post=423"},{"taxonomy":"post_tag","embeddable":true,"href":"http:\/\/www.karate-pleszew.pl\/index.php\/wp-json\/wp\/v2\/tags?post=423"}],"curies":[{"name":"wp","href":"https:\/\/api.w.org\/{rel}","templated":true}]}}