{"id":387,"date":"2024-09-08T16:45:54","date_gmt":"2024-09-08T16:45:54","guid":{"rendered":"http:\/\/www.damiano.cal24.pl\/?p=387"},"modified":"2024-09-08T16:45:54","modified_gmt":"2024-09-08T16:45:54","slug":"mlodziezowa-swiatowa-liga-karate-karate-1-youth-league-2024-a-coruna-hiszpania","status":"publish","type":"post","link":"http:\/\/www.karate-pleszew.pl\/index.php\/2024\/09\/08\/mlodziezowa-swiatowa-liga-karate-karate-1-youth-league-2024-a-coruna-hiszpania\/","title":{"rendered":"M\u0142odzie\u017cowa \u015awiatowa Liga Karate &#8211; Karate 1 Youth League 2024 &#8211; A Coru\u00f1a (Hiszpania)"},"content":{"rendered":"\n<p>Maja Kolanowska zawodniczka Pleszewskiego Klubu Karate wyst\u0105pi\u0142a 8.05.2024 w kumite kadetek -47kg..<\/p>\n\n\n\n<p><\/p>\n","protected":false},"excerpt":{"rendered":"<p>Maja Kolanowska zawodniczka Pleszewskiego Klubu Karate wyst\u0105pi\u0142a 8.05.2024 w kumite kadetek -47kg..<\/p>\n","protected":false},"author":2,"featured_media":388,"comment_status":"open","ping_status":"open","sticky":false,"template":"","format":"standard","meta":{"footnotes":""},"categories":[1],"tags":[],"class_list":["post-387","post","type-post","status-publish","format-standard","has-post-thumbnail","hentry","category-rozne"],"_links":{"self":[{"href":"http:\/\/www.karate-pleszew.pl\/index.php\/wp-json\/wp\/v2\/posts\/387","targetHints":{"allow":["GET"]}}],"collection":[{"href":"http:\/\/www.karate-pleszew.pl\/index.php\/wp-json\/wp\/v2\/posts"}],"about":[{"href":"http:\/\/www.karate-pleszew.pl\/index.php\/wp-json\/wp\/v2\/types\/post"}],"author":[{"embeddable":true,"href":"http:\/\/www.karate-pleszew.pl\/index.php\/wp-json\/wp\/v2\/users\/2"}],"replies":[{"embeddable":true,"href":"http:\/\/www.karate-pleszew.pl\/index.php\/wp-json\/wp\/v2\/comments?post=387"}],"version-history":[{"count":1,"href":"http:\/\/www.karate-pleszew.pl\/index.php\/wp-json\/wp\/v2\/posts\/387\/revisions"}],"predecessor-version":[{"id":389,"href":"http:\/\/www.karate-pleszew.pl\/index.php\/wp-json\/wp\/v2\/posts\/387\/revisions\/389"}],"wp:featuredmedia":[{"embeddable":true,"href":"http:\/\/www.karate-pleszew.pl\/index.php\/wp-json\/wp\/v2\/media\/388"}],"wp:attachment":[{"href":"http:\/\/www.karate-pleszew.pl\/index.php\/wp-json\/wp\/v2\/media?parent=387"}],"wp:term":[{"taxonomy":"category","embeddable":true,"href":"http:\/\/www.karate-pleszew.pl\/index.php\/wp-json\/wp\/v2\/categories?post=387"},{"taxonomy":"post_tag","embeddable":true,"href":"http:\/\/www.karate-pleszew.pl\/index.php\/wp-json\/wp\/v2\/tags?post=387"}],"curies":[{"name":"wp","href":"https:\/\/api.w.org\/{rel}","templated":true}]}}