{"id":374,"date":"2024-09-08T16:33:29","date_gmt":"2024-09-08T16:33:29","guid":{"rendered":"http:\/\/www.damiano.cal24.pl\/?p=374"},"modified":"2024-10-04T06:21:59","modified_gmt":"2024-10-04T06:21:59","slug":"besuto-cup-witkowo-13-04-2024","status":"publish","type":"post","link":"http:\/\/www.karate-pleszew.pl\/index.php\/2024\/09\/08\/besuto-cup-witkowo-13-04-2024\/","title":{"rendered":"BESUTO CUP WITKOWO 13.04.2024"},"content":{"rendered":"\n<p>W turnieju udzia\u0142 wzi\u0119\u0142o 426 zawodnik\u00f3w z 37 klub\u00f3w w tym 5 zawodnik\u00f3w Pleszewskiego Klubu Karate.<\/p>\n\n\n\n<p>Nasi reprezentanci wywalczyli 3 medale w tym 2 z\u0142ote i 15 br\u0105zowy.<\/p>\n\n\n\n<p>Wyniki PKK Pleszew:<\/p>\n\n\n\n<p>Z\u0142ote medale:<\/p>\n\n\n\n<p>&#8211; <a><\/a>Maciej Nowakowski &#8211; kumite U10 -25kg,<\/p>\n\n\n\n<p>&#8211; Borys Ma\u0142gowski \u2013 kumie U12 -30kg,<\/p>\n\n\n\n<p>Br\u0105zowy medal:<\/p>\n\n\n\n<p>&#8211; Aleksander Urbaniak &#8211; kumite U12 -30kg<\/p>\n\n\n\n<p>5 miejsca:<\/p>\n\n\n\n<p>&#8211; Jan Borowczyk \u2013 kumie U12 -35kg,<\/p>\n\n\n\n<p>&#8211; Aleksander Urbaniak &#8211; kumite U12 -30kg,<\/p>\n\n\n\n<p>W zawodach wzi\u0119li udzia\u0142 tak\u017ce: Feliks Gomu\u0142ka w kumie U12 -30kg.<\/p>\n","protected":false},"excerpt":{"rendered":"<p>W turnieju udzia\u0142 wzi\u0119\u0142o 426 zawodnik\u00f3w z 37 klub\u00f3w w tym 5 zawodnik\u00f3w Pleszewskiego Klubu Karate. Nasi reprezentanci wywalczyli 3 &hellip; <\/p>\n","protected":false},"author":2,"featured_media":375,"comment_status":"open","ping_status":"open","sticky":false,"template":"","format":"standard","meta":{"footnotes":""},"categories":[5],"tags":[],"class_list":["post-374","post","type-post","status-publish","format-standard","has-post-thumbnail","hentry","category-wydarzenia"],"_links":{"self":[{"href":"http:\/\/www.karate-pleszew.pl\/index.php\/wp-json\/wp\/v2\/posts\/374","targetHints":{"allow":["GET"]}}],"collection":[{"href":"http:\/\/www.karate-pleszew.pl\/index.php\/wp-json\/wp\/v2\/posts"}],"about":[{"href":"http:\/\/www.karate-pleszew.pl\/index.php\/wp-json\/wp\/v2\/types\/post"}],"author":[{"embeddable":true,"href":"http:\/\/www.karate-pleszew.pl\/index.php\/wp-json\/wp\/v2\/users\/2"}],"replies":[{"embeddable":true,"href":"http:\/\/www.karate-pleszew.pl\/index.php\/wp-json\/wp\/v2\/comments?post=374"}],"version-history":[{"count":1,"href":"http:\/\/www.karate-pleszew.pl\/index.php\/wp-json\/wp\/v2\/posts\/374\/revisions"}],"predecessor-version":[{"id":376,"href":"http:\/\/www.karate-pleszew.pl\/index.php\/wp-json\/wp\/v2\/posts\/374\/revisions\/376"}],"wp:featuredmedia":[{"embeddable":true,"href":"http:\/\/www.karate-pleszew.pl\/index.php\/wp-json\/wp\/v2\/media\/375"}],"wp:attachment":[{"href":"http:\/\/www.karate-pleszew.pl\/index.php\/wp-json\/wp\/v2\/media?parent=374"}],"wp:term":[{"taxonomy":"category","embeddable":true,"href":"http:\/\/www.karate-pleszew.pl\/index.php\/wp-json\/wp\/v2\/categories?post=374"},{"taxonomy":"post_tag","embeddable":true,"href":"http:\/\/www.karate-pleszew.pl\/index.php\/wp-json\/wp\/v2\/tags?post=374"}],"curies":[{"name":"wp","href":"https:\/\/api.w.org\/{rel}","templated":true}]}}