{"id":365,"date":"2024-09-08T16:27:24","date_gmt":"2024-09-08T16:27:24","guid":{"rendered":"http:\/\/www.damiano.cal24.pl\/?p=365"},"modified":"2024-10-04T06:07:46","modified_gmt":"2024-10-04T06:07:46","slug":"srebrny-medal-magdaleny-godlewskiej-na-44-grand-prix-slovakia-15-03-2024-bratyslawa","status":"publish","type":"post","link":"http:\/\/www.karate-pleszew.pl\/index.php\/2024\/09\/08\/srebrny-medal-magdaleny-godlewskiej-na-44-grand-prix-slovakia-15-03-2024-bratyslawa\/","title":{"rendered":"Srebrny medal Magdaleny Godlewskiej na 44 Grand Prix Slovakia 15.03.2024 Bratys\u0142awa"},"content":{"rendered":"\n<p>Zawodniczka Pleszewskiego Klubu Karate wywalczy\u0142a srebrny medal w kumite seniorek. W drodze do fina\u0142u wygra\u0142a 3 walki.w finale uleg\u0142a 0-2 zawodniczce z Serbii Tamarze Zivkovic.<\/p>\n\n\n\n<p>Jutro startuje Jakub Borowczyk w kumite U21 -67kg, Jan Podolski kumite U18 -68kg oraz Maja Kolanowska kumite U16 -47kg.<\/p>\n\n\n\n<p>Kilkoro najm\u0142odszych zawodnik\u00f3w PKK Pleszew bra\u0142o r\u00f3wnocze\u015bnie w tym samym czasie w zawodach Odra CUP <a><\/a>w \u015acinawie. Aleksander Urbaniak zaj\u0105\u0142 2 miejsce w kumite U12 -30kga a Maciej Nowakowski w kumite U10 -25 kg wywalczy\u0142 br\u0105zowy medal. Pola Bier\u0142a w kumite U10 -30kg zaj\u0119\u0142a 5 miejsce. W zawodach uczestniczy\u0142 tak\u017ce Borys Ma\u0142gowski.<\/p>\n","protected":false},"excerpt":{"rendered":"<p>Zawodniczka Pleszewskiego Klubu Karate wywalczy\u0142a srebrny medal w kumite seniorek. W drodze do fina\u0142u wygra\u0142a 3 walki.w finale uleg\u0142a 0-2 &hellip; <\/p>\n","protected":false},"author":2,"featured_media":366,"comment_status":"open","ping_status":"open","sticky":false,"template":"","format":"standard","meta":{"footnotes":""},"categories":[5],"tags":[],"class_list":["post-365","post","type-post","status-publish","format-standard","has-post-thumbnail","hentry","category-wydarzenia"],"_links":{"self":[{"href":"http:\/\/www.karate-pleszew.pl\/index.php\/wp-json\/wp\/v2\/posts\/365","targetHints":{"allow":["GET"]}}],"collection":[{"href":"http:\/\/www.karate-pleszew.pl\/index.php\/wp-json\/wp\/v2\/posts"}],"about":[{"href":"http:\/\/www.karate-pleszew.pl\/index.php\/wp-json\/wp\/v2\/types\/post"}],"author":[{"embeddable":true,"href":"http:\/\/www.karate-pleszew.pl\/index.php\/wp-json\/wp\/v2\/users\/2"}],"replies":[{"embeddable":true,"href":"http:\/\/www.karate-pleszew.pl\/index.php\/wp-json\/wp\/v2\/comments?post=365"}],"version-history":[{"count":1,"href":"http:\/\/www.karate-pleszew.pl\/index.php\/wp-json\/wp\/v2\/posts\/365\/revisions"}],"predecessor-version":[{"id":367,"href":"http:\/\/www.karate-pleszew.pl\/index.php\/wp-json\/wp\/v2\/posts\/365\/revisions\/367"}],"wp:featuredmedia":[{"embeddable":true,"href":"http:\/\/www.karate-pleszew.pl\/index.php\/wp-json\/wp\/v2\/media\/366"}],"wp:attachment":[{"href":"http:\/\/www.karate-pleszew.pl\/index.php\/wp-json\/wp\/v2\/media?parent=365"}],"wp:term":[{"taxonomy":"category","embeddable":true,"href":"http:\/\/www.karate-pleszew.pl\/index.php\/wp-json\/wp\/v2\/categories?post=365"},{"taxonomy":"post_tag","embeddable":true,"href":"http:\/\/www.karate-pleszew.pl\/index.php\/wp-json\/wp\/v2\/tags?post=365"}],"curies":[{"name":"wp","href":"https:\/\/api.w.org\/{rel}","templated":true}]}}