{"id":362,"date":"2024-09-08T16:25:19","date_gmt":"2024-09-08T16:25:19","guid":{"rendered":"http:\/\/www.damiano.cal24.pl\/?p=362"},"modified":"2024-10-04T06:07:08","modified_gmt":"2024-10-04T06:07:08","slug":"ukemi-kobylin-9-03-2024","status":"publish","type":"post","link":"http:\/\/www.karate-pleszew.pl\/index.php\/2024\/09\/08\/ukemi-kobylin-9-03-2024\/","title":{"rendered":"UKEMI Kobylin 9.03.2024"},"content":{"rendered":"\n<p>5 medali najm\u0142odszych wychowank\u00f3w Pleszewskiego Klubu Karate.<\/p>\n\n\n\n<p>Z\u0142ote medale:<\/p>\n\n\n\n<p>&#8211; Borys Ma\u0142gowski kumite U10 -25kg,<\/p>\n\n\n\n<p>&#8211; Maciej Nowakowski kumite U12 -30kg,<\/p>\n\n\n\n<p><a><\/a>br\u0105zowe medale:<\/p>\n\n\n\n<p>&#8211; Pola Bier\u0142a kumite U10 -30kg,<\/p>\n\n\n\n<p>&#8211; Aleksander Urbaniak kumite U12 -30kg,<\/p>\n\n\n\n<p>&#8211; Jan Borowczyk kumite U12 -35kg<\/p>\n\n\n\n<p>pi\u0105te miejsca:<\/p>\n\n\n\n<p>&#8211; Damir Volkov kumite U12 -40kg,<\/p>\n\n\n\n<p>&#8211; Maciej Nowakowski kumite U10 -25kg,<\/p>\n\n\n\n<p>&#8211; Borys Ma\u0142gowski kumite U12 -30kg,<\/p>\n\n\n\n<p>&#8211; Bartosz Jag\u0142a kumite U14 -45kg,<\/p>\n\n\n\n<p>&#8211; Sylwester Kapa\u0142a kumite U14 -55kg.<\/p>\n\n\n\n<p>W zawodach wyst\u0105pili tak\u017ce Nadia Fabisz kumite U12 -35kg, Veronika Volkova kata U14 i U18, Felik Gomu\u0142ka kumite U12 -30kg.<\/p>\n","protected":false},"excerpt":{"rendered":"<p>5 medali najm\u0142odszych wychowank\u00f3w Pleszewskiego Klubu Karate. Z\u0142ote medale: &#8211; Borys Ma\u0142gowski kumite U10 -25kg, &#8211; Maciej Nowakowski kumite U12 &hellip; <\/p>\n","protected":false},"author":2,"featured_media":363,"comment_status":"open","ping_status":"open","sticky":false,"template":"","format":"standard","meta":{"footnotes":""},"categories":[5],"tags":[],"class_list":["post-362","post","type-post","status-publish","format-standard","has-post-thumbnail","hentry","category-wydarzenia"],"_links":{"self":[{"href":"http:\/\/www.karate-pleszew.pl\/index.php\/wp-json\/wp\/v2\/posts\/362","targetHints":{"allow":["GET"]}}],"collection":[{"href":"http:\/\/www.karate-pleszew.pl\/index.php\/wp-json\/wp\/v2\/posts"}],"about":[{"href":"http:\/\/www.karate-pleszew.pl\/index.php\/wp-json\/wp\/v2\/types\/post"}],"author":[{"embeddable":true,"href":"http:\/\/www.karate-pleszew.pl\/index.php\/wp-json\/wp\/v2\/users\/2"}],"replies":[{"embeddable":true,"href":"http:\/\/www.karate-pleszew.pl\/index.php\/wp-json\/wp\/v2\/comments?post=362"}],"version-history":[{"count":1,"href":"http:\/\/www.karate-pleszew.pl\/index.php\/wp-json\/wp\/v2\/posts\/362\/revisions"}],"predecessor-version":[{"id":364,"href":"http:\/\/www.karate-pleszew.pl\/index.php\/wp-json\/wp\/v2\/posts\/362\/revisions\/364"}],"wp:featuredmedia":[{"embeddable":true,"href":"http:\/\/www.karate-pleszew.pl\/index.php\/wp-json\/wp\/v2\/media\/363"}],"wp:attachment":[{"href":"http:\/\/www.karate-pleszew.pl\/index.php\/wp-json\/wp\/v2\/media?parent=362"}],"wp:term":[{"taxonomy":"category","embeddable":true,"href":"http:\/\/www.karate-pleszew.pl\/index.php\/wp-json\/wp\/v2\/categories?post=362"},{"taxonomy":"post_tag","embeddable":true,"href":"http:\/\/www.karate-pleszew.pl\/index.php\/wp-json\/wp\/v2\/tags?post=362"}],"curies":[{"name":"wp","href":"https:\/\/api.w.org\/{rel}","templated":true}]}}