{"id":359,"date":"2024-09-08T16:22:19","date_gmt":"2024-09-08T16:22:19","guid":{"rendered":"http:\/\/www.damiano.cal24.pl\/?p=359"},"modified":"2024-10-04T06:07:23","modified_gmt":"2024-10-04T06:07:23","slug":"central-europe-open-bydgoszcz-2024","status":"publish","type":"post","link":"http:\/\/www.karate-pleszew.pl\/index.php\/2024\/09\/08\/central-europe-open-bydgoszcz-2024\/","title":{"rendered":"Central Europe Open Bydgoszcz 2024."},"content":{"rendered":"\n<p>4 zawodnik\u00f3w Pleszewskiego Klubu Karate wyst\u0105pili w turnieju rankingowym polskiej Unii Karate w dniu 2 .04.2024 w Bydgoszczy.<\/p>\n\n\n\n<p>Najlepiej wypad\u0142 Micha\u0142 Florczak zdobywa dw\u00f3ch z\u0142otych medali.<\/p>\n\n\n\n<p>Micha\u0142 Florczak zdominowa\u0142 2 konkurencj\u0119 kumite U21 i senior\u00f3w obie do 84 kg.<\/p>\n\n\n\n<p>Jan Podolski zaj\u0105\u0142 7 miejsce w kumite U18 -68 kg. W zawodach wzi\u0119li udzia\u0142 tak\u017ce Dawid Wojtczak w kumite U16 -70 kg oraz w kumite U18 -68 kg oraz Jakub Borowczyk kumite U21 -67 kg.<\/p>\n","protected":false},"excerpt":{"rendered":"<p>4 zawodnik\u00f3w Pleszewskiego Klubu Karate wyst\u0105pili w turnieju rankingowym polskiej Unii Karate w dniu 2 .04.2024 w Bydgoszczy. Najlepiej wypad\u0142 &hellip; <\/p>\n","protected":false},"author":2,"featured_media":360,"comment_status":"open","ping_status":"open","sticky":false,"template":"","format":"standard","meta":{"footnotes":""},"categories":[5],"tags":[],"class_list":["post-359","post","type-post","status-publish","format-standard","has-post-thumbnail","hentry","category-wydarzenia"],"_links":{"self":[{"href":"http:\/\/www.karate-pleszew.pl\/index.php\/wp-json\/wp\/v2\/posts\/359","targetHints":{"allow":["GET"]}}],"collection":[{"href":"http:\/\/www.karate-pleszew.pl\/index.php\/wp-json\/wp\/v2\/posts"}],"about":[{"href":"http:\/\/www.karate-pleszew.pl\/index.php\/wp-json\/wp\/v2\/types\/post"}],"author":[{"embeddable":true,"href":"http:\/\/www.karate-pleszew.pl\/index.php\/wp-json\/wp\/v2\/users\/2"}],"replies":[{"embeddable":true,"href":"http:\/\/www.karate-pleszew.pl\/index.php\/wp-json\/wp\/v2\/comments?post=359"}],"version-history":[{"count":1,"href":"http:\/\/www.karate-pleszew.pl\/index.php\/wp-json\/wp\/v2\/posts\/359\/revisions"}],"predecessor-version":[{"id":361,"href":"http:\/\/www.karate-pleszew.pl\/index.php\/wp-json\/wp\/v2\/posts\/359\/revisions\/361"}],"wp:featuredmedia":[{"embeddable":true,"href":"http:\/\/www.karate-pleszew.pl\/index.php\/wp-json\/wp\/v2\/media\/360"}],"wp:attachment":[{"href":"http:\/\/www.karate-pleszew.pl\/index.php\/wp-json\/wp\/v2\/media?parent=359"}],"wp:term":[{"taxonomy":"category","embeddable":true,"href":"http:\/\/www.karate-pleszew.pl\/index.php\/wp-json\/wp\/v2\/categories?post=359"},{"taxonomy":"post_tag","embeddable":true,"href":"http:\/\/www.karate-pleszew.pl\/index.php\/wp-json\/wp\/v2\/tags?post=359"}],"curies":[{"name":"wp","href":"https:\/\/api.w.org\/{rel}","templated":true}]}}