{"id":356,"date":"2024-09-08T16:20:40","date_gmt":"2024-09-08T16:20:40","guid":{"rendered":"http:\/\/www.damiano.cal24.pl\/?p=356"},"modified":"2024-09-08T16:20:40","modified_gmt":"2024-09-08T16:20:40","slug":"gala-pleszewskiego-sportu-za-rok-2023","status":"publish","type":"post","link":"http:\/\/www.karate-pleszew.pl\/index.php\/2024\/09\/08\/gala-pleszewskiego-sportu-za-rok-2023\/","title":{"rendered":"Gala Pleszewskiego Sportu za rok 2023"},"content":{"rendered":"\n<p>W\u015br\u00f3d wyr\u00f3\u017cnionych nasi trenerzy i sportowcy.<\/p>\n\n\n\n<p>Wyr\u00f3\u017cnieni sportowcy:<\/p>\n\n\n\n<p>&#8211; Micha\u0142 Florczak,<\/p>\n\n\n\n<p>&#8211; Magdalena Godlewska,<\/p>\n\n\n\n<p>&#8211; <a><\/a>Maja Kolanowska,<\/p>\n\n\n\n<p>Wyr\u00f3\u017cnieni trenerzy:<\/p>\n\n\n\n<p>&#8211; Bart\u0142omiej So\u0142tysiak,<\/p>\n\n\n\n<p>&#8211; Magdalena Godlewska,<\/p>\n\n\n\n<p>&#8211; Micha\u0142 Florczak,<\/p>\n\n\n\n<p>&#8211; Jakub Borowczyk,<\/p>\n\n\n\n<p>&#8211; Tomasz So\u0142tysiak.<\/p>\n\n\n\n<p>Nagrody sportowe:<\/p>\n\n\n\n<p>&#8211; Micha\u0142 Florczak,<\/p>\n\n\n\n<p>&#8211; Magdalena Godlewska,<\/p>\n\n\n\n<p>&#8211; Maja Kolanowska,<\/p>\n\n\n\n<p>&#8211; Jakub Borowczyk,<\/p>\n\n\n\n<p>&#8211; Jan Podolski.<\/p>\n","protected":false},"excerpt":{"rendered":"<p>W\u015br\u00f3d wyr\u00f3\u017cnionych nasi trenerzy i sportowcy. Wyr\u00f3\u017cnieni sportowcy: &#8211; Micha\u0142 Florczak, &#8211; Magdalena Godlewska, &#8211; Maja Kolanowska, Wyr\u00f3\u017cnieni trenerzy: &#8211; &hellip; <\/p>\n","protected":false},"author":2,"featured_media":357,"comment_status":"open","ping_status":"open","sticky":false,"template":"","format":"standard","meta":{"footnotes":""},"categories":[1],"tags":[],"class_list":["post-356","post","type-post","status-publish","format-standard","has-post-thumbnail","hentry","category-rozne"],"_links":{"self":[{"href":"http:\/\/www.karate-pleszew.pl\/index.php\/wp-json\/wp\/v2\/posts\/356","targetHints":{"allow":["GET"]}}],"collection":[{"href":"http:\/\/www.karate-pleszew.pl\/index.php\/wp-json\/wp\/v2\/posts"}],"about":[{"href":"http:\/\/www.karate-pleszew.pl\/index.php\/wp-json\/wp\/v2\/types\/post"}],"author":[{"embeddable":true,"href":"http:\/\/www.karate-pleszew.pl\/index.php\/wp-json\/wp\/v2\/users\/2"}],"replies":[{"embeddable":true,"href":"http:\/\/www.karate-pleszew.pl\/index.php\/wp-json\/wp\/v2\/comments?post=356"}],"version-history":[{"count":1,"href":"http:\/\/www.karate-pleszew.pl\/index.php\/wp-json\/wp\/v2\/posts\/356\/revisions"}],"predecessor-version":[{"id":358,"href":"http:\/\/www.karate-pleszew.pl\/index.php\/wp-json\/wp\/v2\/posts\/356\/revisions\/358"}],"wp:featuredmedia":[{"embeddable":true,"href":"http:\/\/www.karate-pleszew.pl\/index.php\/wp-json\/wp\/v2\/media\/357"}],"wp:attachment":[{"href":"http:\/\/www.karate-pleszew.pl\/index.php\/wp-json\/wp\/v2\/media?parent=356"}],"wp:term":[{"taxonomy":"category","embeddable":true,"href":"http:\/\/www.karate-pleszew.pl\/index.php\/wp-json\/wp\/v2\/categories?post=356"},{"taxonomy":"post_tag","embeddable":true,"href":"http:\/\/www.karate-pleszew.pl\/index.php\/wp-json\/wp\/v2\/tags?post=356"}],"curies":[{"name":"wp","href":"https:\/\/api.w.org\/{rel}","templated":true}]}}