{"id":347,"date":"2024-09-08T16:10:00","date_gmt":"2024-09-08T16:10:00","guid":{"rendered":"http:\/\/www.damiano.cal24.pl\/?p=347"},"modified":"2024-09-08T16:13:03","modified_gmt":"2024-09-08T16:13:03","slug":"konsultacje-zawodnikow-kadry-narodowej-kadet-junior-w-cos-opo-walcz-9-21-01-2024","status":"publish","type":"post","link":"http:\/\/www.karate-pleszew.pl\/index.php\/2024\/09\/08\/konsultacje-zawodnikow-kadry-narodowej-kadet-junior-w-cos-opo-walcz-9-21-01-2024\/","title":{"rendered":"Konsultacje zawodnik\u00f3w Kadry Narodowej Kadet, Junior w COS OPO Wa\u0142cz 9-21.01.2024"},"content":{"rendered":"\n<p>Konsultacje zawodnik\u00f3w Kadry Narodowej Kadet, Junior w COS OPO Wa\u0142cz z udzia\u0142em zawodnik\u00f3w Kadry Narodowe Niemiec z trenerami Bartoszem Wzorkiem, Maciejem Dr\u0105\u017cewskim oraz z Bart\u0142omiejem So\u0142tysiakiem.<\/p>\n\n\n\n<p>W \u0141odzi zawodnicy Kadry Narodowej U21 z trenerem Maciejem Gaw\u0142owskim uczestniczy\u0142 Micha\u0142 Florczak w dniach 19-21.01.2024.<\/p>\n\n\n\n<p><a href=\"https:\/\/www.facebook.com\/photo\/?fbid=892577192874127&amp;set=pcb.892577382874108&amp;__cft__[0]=AZXUfc0MSuYqWFqsEZtwUeIrO9uXkgTvy1V6jIuUvxUN1-cEVkHDbP9-VkRa0LfpKzrPDHT8QNSUcO6c6U5SznJjk6yeXQhgzocmYRRib-_Cs5Q4ADSz_psKOz-7Sfnq6TifuxXJuTFRj2why41xRr3aVWVAUjZt4XvtcKsaBFzDkaVCX5jX7vZD-rAhE0SO4rFXdMb1fLykKUgBKD8Ppsg6&amp;__tn__=*bH-R\"><\/a><\/p>\n\n\n\n<figure class=\"wp-block-image\"><a href=\"https:\/\/www.facebook.com\/photo\/?fbid=892577192874127&amp;set=pcb.892577382874108&amp;__cft__[0]=AZXUfc0MSuYqWFqsEZtwUeIrO9uXkgTvy1V6jIuUvxUN1-cEVkHDbP9-VkRa0LfpKzrPDHT8QNSUcO6c6U5SznJjk6yeXQhgzocmYRRib-_Cs5Q4ADSz_psKOz-7Sfnq6TifuxXJuTFRj2why41xRr3aVWVAUjZt4XvtcKsaBFzDkaVCX5jX7vZD-rAhE0SO4rFXdMb1fLykKUgBKD8Ppsg6&amp;__tn__=*bH-R\"><img decoding=\"async\" src=\"https:\/\/scontent-waw2-2.xx.fbcdn.net\/v\/t39.30808-6\/424533313_892577189540794_858848418474310102_n.jpg?stp=dst-jpg_s600x600&amp;_nc_cat=105&amp;ccb=1-7&amp;_nc_sid=127cfc&amp;_nc_ohc=a8IaBIxg4b8Q7kNvgGWcp09&amp;_nc_ht=scontent-waw2-2.xx&amp;oh=00_AYCDVh_bDT33Pwu3ZH7QhZb7Puf3zLvuBpWNTZY3jOldeQ&amp;oe=66E3877D\" alt=\"\"\/><\/a><\/figure>\n\n\n\n<p><a href=\"https:\/\/www.facebook.com\/photo\/?fbid=892577272874119&amp;set=pcb.892577382874108&amp;__cft__[0]=AZXUfc0MSuYqWFqsEZtwUeIrO9uXkgTvy1V6jIuUvxUN1-cEVkHDbP9-VkRa0LfpKzrPDHT8QNSUcO6c6U5SznJjk6yeXQhgzocmYRRib-_Cs5Q4ADSz_psKOz-7Sfnq6TifuxXJuTFRj2why41xRr3aVWVAUjZt4XvtcKsaBFzDkaVCX5jX7vZD-rAhE0SO4rFXdMb1fLykKUgBKD8Ppsg6&amp;__tn__=*bH-R\"><\/a><\/p>\n\n\n\n<figure class=\"wp-block-image\"><a href=\"https:\/\/www.facebook.com\/photo\/?fbid=892577272874119&amp;set=pcb.892577382874108&amp;__cft__[0]=AZXUfc0MSuYqWFqsEZtwUeIrO9uXkgTvy1V6jIuUvxUN1-cEVkHDbP9-VkRa0LfpKzrPDHT8QNSUcO6c6U5SznJjk6yeXQhgzocmYRRib-_Cs5Q4ADSz_psKOz-7Sfnq6TifuxXJuTFRj2why41xRr3aVWVAUjZt4XvtcKsaBFzDkaVCX5jX7vZD-rAhE0SO4rFXdMb1fLykKUgBKD8Ppsg6&amp;__tn__=*bH-R\"><img decoding=\"async\" src=\"https:\/\/scontent-waw2-2.xx.fbcdn.net\/v\/t39.30808-6\/424560924_892577262874120_4537667231938518317_n.jpg?stp=dst-jpg_s600x600&amp;_nc_cat=103&amp;ccb=1-7&amp;_nc_sid=127cfc&amp;_nc_ohc=N-Jj8LTigPEQ7kNvgFVUnhN&amp;_nc_ht=scontent-waw2-2.xx&amp;oh=00_AYB8PSle6VkFrUspC5ZQwn7nc895J9tv9OdGKcYHNR7Row&amp;oe=66E38725\" alt=\"\"\/><\/a><\/figure>\n\n\n\n<p>Wy\u015bwietl statystyki i reklamy<\/p>\n\n\n\n<p><a href=\"https:\/\/www.facebook.com\/ad_center\/create\/boostpost\/?entry_point=www_profile_plus_timeline&amp;page_id=289946931050851&amp;target_id=892577382874108&amp;__cft__[0]=AZXUfc0MSuYqWFqsEZtwUeIrO9uXkgTvy1V6jIuUvxUN1-cEVkHDbP9-VkRa0LfpKzrPDHT8QNSUcO6c6U5SznJjk6yeXQhgzocmYRRib-_Cs5Q4ADSz_psKOz-7Sfnq6TifuxXJuTFRj2why41xRr3aVWVAUjZt4XvtcKsaBFzDkaVCX5jX7vZD-rAhE0SO4rFXdMb1fLykKUgBKD8Ppsg6&amp;__tn__=*W-R\"><\/a><\/p>\n\n\n\n<p><a href=\"https:\/\/www.facebook.com\/ad_center\/create\/boostpost\/?entry_point=www_profile_plus_timeline&amp;page_id=289946931050851&amp;target_id=892577382874108&amp;__cft__[0]=AZXUfc0MSuYqWFqsEZtwUeIrO9uXkgTvy1V6jIuUvxUN1-cEVkHDbP9-VkRa0LfpKzrPDHT8QNSUcO6c6U5SznJjk6yeXQhgzocmYRRib-_Cs5Q4ADSz_psKOz-7Sfnq6TifuxXJuTFRj2why41xRr3aVWVAUjZt4XvtcKsaBFzDkaVCX5jX7vZD-rAhE0SO4rFXdMb1fLykKUgBKD8Ppsg6&amp;__tn__=*W-R\">Promuj post<\/a><\/p>\n\n\n\n\n\n\n\n<p>Wszystkie reakcje:<\/p>\n\n\n\n<p>35Ty&nbsp;i&nbsp;34 innych u\u017cytkownik\u00f3w<\/p>\n","protected":false},"excerpt":{"rendered":"<p>Konsultacje zawodnik\u00f3w Kadry Narodowej Kadet, Junior w COS OPO Wa\u0142cz z udzia\u0142em zawodnik\u00f3w Kadry Narodowe Niemiec z trenerami Bartoszem Wzorkiem, &hellip; <\/p>\n","protected":false},"author":2,"featured_media":349,"comment_status":"open","ping_status":"open","sticky":false,"template":"","format":"standard","meta":{"footnotes":""},"categories":[1],"tags":[],"class_list":["post-347","post","type-post","status-publish","format-standard","has-post-thumbnail","hentry","category-rozne"],"_links":{"self":[{"href":"http:\/\/www.karate-pleszew.pl\/index.php\/wp-json\/wp\/v2\/posts\/347","targetHints":{"allow":["GET"]}}],"collection":[{"href":"http:\/\/www.karate-pleszew.pl\/index.php\/wp-json\/wp\/v2\/posts"}],"about":[{"href":"http:\/\/www.karate-pleszew.pl\/index.php\/wp-json\/wp\/v2\/types\/post"}],"author":[{"embeddable":true,"href":"http:\/\/www.karate-pleszew.pl\/index.php\/wp-json\/wp\/v2\/users\/2"}],"replies":[{"embeddable":true,"href":"http:\/\/www.karate-pleszew.pl\/index.php\/wp-json\/wp\/v2\/comments?post=347"}],"version-history":[{"count":1,"href":"http:\/\/www.karate-pleszew.pl\/index.php\/wp-json\/wp\/v2\/posts\/347\/revisions"}],"predecessor-version":[{"id":348,"href":"http:\/\/www.karate-pleszew.pl\/index.php\/wp-json\/wp\/v2\/posts\/347\/revisions\/348"}],"wp:featuredmedia":[{"embeddable":true,"href":"http:\/\/www.karate-pleszew.pl\/index.php\/wp-json\/wp\/v2\/media\/349"}],"wp:attachment":[{"href":"http:\/\/www.karate-pleszew.pl\/index.php\/wp-json\/wp\/v2\/media?parent=347"}],"wp:term":[{"taxonomy":"category","embeddable":true,"href":"http:\/\/www.karate-pleszew.pl\/index.php\/wp-json\/wp\/v2\/categories?post=347"},{"taxonomy":"post_tag","embeddable":true,"href":"http:\/\/www.karate-pleszew.pl\/index.php\/wp-json\/wp\/v2\/tags?post=347"}],"curies":[{"name":"wp","href":"https:\/\/api.w.org\/{rel}","templated":true}]}}