{"id":343,"date":"2024-09-08T16:06:36","date_gmt":"2024-09-08T16:06:36","guid":{"rendered":"http:\/\/www.damiano.cal24.pl\/?p=343"},"modified":"2024-09-08T16:06:37","modified_gmt":"2024-09-08T16:06:37","slug":"liga-swiatowa-karate1-series-a-12-14-stycznia-2024-ateny-grecja","status":"publish","type":"post","link":"http:\/\/www.karate-pleszew.pl\/index.php\/2024\/09\/08\/liga-swiatowa-karate1-series-a-12-14-stycznia-2024-ateny-grecja\/","title":{"rendered":"Liga \u015awiatowa &#8211; Karate1 Series A 12-14 stycznia 2024, Ateny\/Grecja"},"content":{"rendered":"\n<p>W gronie 1090 zawodnik\u00f3w z 81 kraj\u00f3w rywalizowa\u0142o dwoje zawodnik\u00f3w z Pleszewskiego Klubu Karate Magdalena Godlewska i Micha\u0142 Florczak.<\/p>\n\n\n\n<p>Magdalena Godlewska wyst\u0105pi\u0142a w kumite kobiet -68kg, w pierwszej rundzie uleg\u0142a 1-4 zawodniczce W\u0142och Simonini Valetnina.<\/p>\n\n\n\n<p>Natomiast Micha\u0142 Florczak w kumite m\u0119\u017cczyzn -84kg wygra\u0142 dwie walki. W pierwszej rundzie pokona\u0142 zawodnika z Turcji Demirci Umut, w drugiej zawodnika z USA <a><\/a>Novo Hernadez Dennis. W trzeciej rundzie uleg\u0142 0-1 zawodnikowi z Albani Gashi Melos, kt\u00f3ry zosta\u0142 br\u0105zowym medalist\u0105 Ligi \u015awiatowej w Atenach<\/p>\n","protected":false},"excerpt":{"rendered":"<p>W gronie 1090 zawodnik\u00f3w z 81 kraj\u00f3w rywalizowa\u0142o dwoje zawodnik\u00f3w z Pleszewskiego Klubu Karate Magdalena Godlewska i Micha\u0142 Florczak. Magdalena &hellip; <\/p>\n","protected":false},"author":2,"featured_media":344,"comment_status":"open","ping_status":"open","sticky":false,"template":"","format":"standard","meta":{"footnotes":""},"categories":[1],"tags":[],"class_list":["post-343","post","type-post","status-publish","format-standard","has-post-thumbnail","hentry","category-rozne"],"_links":{"self":[{"href":"http:\/\/www.karate-pleszew.pl\/index.php\/wp-json\/wp\/v2\/posts\/343","targetHints":{"allow":["GET"]}}],"collection":[{"href":"http:\/\/www.karate-pleszew.pl\/index.php\/wp-json\/wp\/v2\/posts"}],"about":[{"href":"http:\/\/www.karate-pleszew.pl\/index.php\/wp-json\/wp\/v2\/types\/post"}],"author":[{"embeddable":true,"href":"http:\/\/www.karate-pleszew.pl\/index.php\/wp-json\/wp\/v2\/users\/2"}],"replies":[{"embeddable":true,"href":"http:\/\/www.karate-pleszew.pl\/index.php\/wp-json\/wp\/v2\/comments?post=343"}],"version-history":[{"count":1,"href":"http:\/\/www.karate-pleszew.pl\/index.php\/wp-json\/wp\/v2\/posts\/343\/revisions"}],"predecessor-version":[{"id":345,"href":"http:\/\/www.karate-pleszew.pl\/index.php\/wp-json\/wp\/v2\/posts\/343\/revisions\/345"}],"wp:featuredmedia":[{"embeddable":true,"href":"http:\/\/www.karate-pleszew.pl\/index.php\/wp-json\/wp\/v2\/media\/344"}],"wp:attachment":[{"href":"http:\/\/www.karate-pleszew.pl\/index.php\/wp-json\/wp\/v2\/media?parent=343"}],"wp:term":[{"taxonomy":"category","embeddable":true,"href":"http:\/\/www.karate-pleszew.pl\/index.php\/wp-json\/wp\/v2\/categories?post=343"},{"taxonomy":"post_tag","embeddable":true,"href":"http:\/\/www.karate-pleszew.pl\/index.php\/wp-json\/wp\/v2\/tags?post=343"}],"curies":[{"name":"wp","href":"https:\/\/api.w.org\/{rel}","templated":true}]}}