{"id":340,"date":"2024-09-08T16:03:42","date_gmt":"2024-09-08T16:03:42","guid":{"rendered":"http:\/\/www.damiano.cal24.pl\/?p=340"},"modified":"2024-09-08T16:03:43","modified_gmt":"2024-09-08T16:03:43","slug":"konsultacje-zawodnikow-kadry-narodowej-karate-w-cos-opo-walcz","status":"publish","type":"post","link":"http:\/\/www.karate-pleszew.pl\/index.php\/2024\/09\/08\/konsultacje-zawodnikow-kadry-narodowej-karate-w-cos-opo-walcz\/","title":{"rendered":"Konsultacje zawodnik\u00f3w Kadry Narodowej Karate w COS OPO Wa\u0142cz."},"content":{"rendered":"\n<p>15 -17 grudnia, ostatnie w tym roku konsultacje zawodnik\u00f3w Kadry Narodowej Karate w COS OPO Wa\u0142cz.<\/p>\n\n\n\n<p>W konsultacji wzi\u0119li udzia\u0142 dwoje zawodnik\u00f3w Pleszewskiego Klubu Karate Magdalena Godlewska i Micha\u0142 Florczak a tak\u017ce jako trener kadry Bart\u0142omiej So\u0142tysiak.<\/p>\n\n\n\n<p>Pocz\u0105tek roku zapowiada si\u0119 bardzo intensywnie Series A Ateny, Premier League Pary\u017c i M\u0142odzie\u017cowe Mistrzostwa Europy w Tibilisi<\/p>\n","protected":false},"excerpt":{"rendered":"<p>15 -17 grudnia, ostatnie w tym roku konsultacje zawodnik\u00f3w Kadry Narodowej Karate w COS OPO Wa\u0142cz. W konsultacji wzi\u0119li udzia\u0142 &hellip; <\/p>\n","protected":false},"author":2,"featured_media":341,"comment_status":"open","ping_status":"open","sticky":false,"template":"","format":"standard","meta":{"footnotes":""},"categories":[1],"tags":[],"class_list":["post-340","post","type-post","status-publish","format-standard","has-post-thumbnail","hentry","category-rozne"],"_links":{"self":[{"href":"http:\/\/www.karate-pleszew.pl\/index.php\/wp-json\/wp\/v2\/posts\/340","targetHints":{"allow":["GET"]}}],"collection":[{"href":"http:\/\/www.karate-pleszew.pl\/index.php\/wp-json\/wp\/v2\/posts"}],"about":[{"href":"http:\/\/www.karate-pleszew.pl\/index.php\/wp-json\/wp\/v2\/types\/post"}],"author":[{"embeddable":true,"href":"http:\/\/www.karate-pleszew.pl\/index.php\/wp-json\/wp\/v2\/users\/2"}],"replies":[{"embeddable":true,"href":"http:\/\/www.karate-pleszew.pl\/index.php\/wp-json\/wp\/v2\/comments?post=340"}],"version-history":[{"count":1,"href":"http:\/\/www.karate-pleszew.pl\/index.php\/wp-json\/wp\/v2\/posts\/340\/revisions"}],"predecessor-version":[{"id":342,"href":"http:\/\/www.karate-pleszew.pl\/index.php\/wp-json\/wp\/v2\/posts\/340\/revisions\/342"}],"wp:featuredmedia":[{"embeddable":true,"href":"http:\/\/www.karate-pleszew.pl\/index.php\/wp-json\/wp\/v2\/media\/341"}],"wp:attachment":[{"href":"http:\/\/www.karate-pleszew.pl\/index.php\/wp-json\/wp\/v2\/media?parent=340"}],"wp:term":[{"taxonomy":"category","embeddable":true,"href":"http:\/\/www.karate-pleszew.pl\/index.php\/wp-json\/wp\/v2\/categories?post=340"},{"taxonomy":"post_tag","embeddable":true,"href":"http:\/\/www.karate-pleszew.pl\/index.php\/wp-json\/wp\/v2\/tags?post=340"}],"curies":[{"name":"wp","href":"https:\/\/api.w.org\/{rel}","templated":true}]}}