{"id":332,"date":"2024-09-08T15:45:06","date_gmt":"2024-09-08T15:45:06","guid":{"rendered":"http:\/\/www.damiano.cal24.pl\/?p=332"},"modified":"2024-09-08T15:45:06","modified_gmt":"2024-09-08T15:45:06","slug":"5-edycja-empi-fight-cup-w-kumite-wkf","status":"publish","type":"post","link":"http:\/\/www.karate-pleszew.pl\/index.php\/2024\/09\/08\/5-edycja-empi-fight-cup-w-kumite-wkf\/","title":{"rendered":"5 edycja EMPI FIGHT CUP w kumite WKF"},"content":{"rendered":"\n<p>Buk 26.11.2023.<\/p>\n\n\n\n<p>W sparringach wzie\u0142o udzia\u0142 11 najm\u0142odszych wychowank\u00f3w PKK Pleszew z trenerem Bartkiem So\u0142tysiakiem.<\/p>\n\n\n\n<p>Sparingi cieszy\u0142y si\u0119 powodzeniem, zawodnicy wr\u00f3cili zadowoleni, stoczyli wiele walk co na pewno zaprocentuje w przysz\u0142o\u015bci. Nauka dla pocz\u0105tkuj\u0105cych, a dla bardziej do\u015bwiadczonych zawodnik\u00f3w trening z innymi zawodnikami z innych klub\u00f3w.<\/p>\n","protected":false},"excerpt":{"rendered":"<p>Buk 26.11.2023. W sparringach wzie\u0142o udzia\u0142 11 najm\u0142odszych wychowank\u00f3w PKK Pleszew z trenerem Bartkiem So\u0142tysiakiem. Sparingi cieszy\u0142y si\u0119 powodzeniem, zawodnicy &hellip; <\/p>\n","protected":false},"author":2,"featured_media":335,"comment_status":"open","ping_status":"open","sticky":false,"template":"","format":"standard","meta":{"footnotes":""},"categories":[1],"tags":[],"class_list":["post-332","post","type-post","status-publish","format-standard","has-post-thumbnail","hentry","category-rozne"],"_links":{"self":[{"href":"http:\/\/www.karate-pleszew.pl\/index.php\/wp-json\/wp\/v2\/posts\/332","targetHints":{"allow":["GET"]}}],"collection":[{"href":"http:\/\/www.karate-pleszew.pl\/index.php\/wp-json\/wp\/v2\/posts"}],"about":[{"href":"http:\/\/www.karate-pleszew.pl\/index.php\/wp-json\/wp\/v2\/types\/post"}],"author":[{"embeddable":true,"href":"http:\/\/www.karate-pleszew.pl\/index.php\/wp-json\/wp\/v2\/users\/2"}],"replies":[{"embeddable":true,"href":"http:\/\/www.karate-pleszew.pl\/index.php\/wp-json\/wp\/v2\/comments?post=332"}],"version-history":[{"count":1,"href":"http:\/\/www.karate-pleszew.pl\/index.php\/wp-json\/wp\/v2\/posts\/332\/revisions"}],"predecessor-version":[{"id":336,"href":"http:\/\/www.karate-pleszew.pl\/index.php\/wp-json\/wp\/v2\/posts\/332\/revisions\/336"}],"wp:featuredmedia":[{"embeddable":true,"href":"http:\/\/www.karate-pleszew.pl\/index.php\/wp-json\/wp\/v2\/media\/335"}],"wp:attachment":[{"href":"http:\/\/www.karate-pleszew.pl\/index.php\/wp-json\/wp\/v2\/media?parent=332"}],"wp:term":[{"taxonomy":"category","embeddable":true,"href":"http:\/\/www.karate-pleszew.pl\/index.php\/wp-json\/wp\/v2\/categories?post=332"},{"taxonomy":"post_tag","embeddable":true,"href":"http:\/\/www.karate-pleszew.pl\/index.php\/wp-json\/wp\/v2\/tags?post=332"}],"curies":[{"name":"wp","href":"https:\/\/api.w.org\/{rel}","templated":true}]}}