{"id":329,"date":"2024-09-08T15:41:01","date_gmt":"2024-09-08T15:41:01","guid":{"rendered":"http:\/\/www.damiano.cal24.pl\/?p=329"},"modified":"2024-09-08T15:41:02","modified_gmt":"2024-09-08T15:41:02","slug":"warszawa-cup-19-11-2023","status":"publish","type":"post","link":"http:\/\/www.karate-pleszew.pl\/index.php\/2024\/09\/08\/warszawa-cup-19-11-2023\/","title":{"rendered":"Warszawa CUP 19.11.2023"},"content":{"rendered":"\n<p>Dwa br\u0105zowe medale to efekt wyst\u0119pu 4 zawodnik\u00f3w PKK Pleszew na Warszawa CUP.<\/p>\n\n\n\n<p>Medal br\u0105zowy wywalczy\u0142 Dawid Wojtczak w kumite kadet\u00f3w -70kg.<\/p>\n\n\n\n<p>Drugi br\u0105zowy medal wywalczy\u0142 Jakub Borowczyk w kumite junior\u00f3w -68kg w tej samej kategorii Dawid Wojtczak zaj\u0105\u0142 5 miejsce.<\/p>\n\n\n\n<p>W zawodach wyst\u0105pili tak\u017ce Jan Podolski w kumite junior\u00f3w -68kg oraz Sylwester Kapa\u0142a w kumite m\u0142odzik\u00f3w -50kg<\/p>\n","protected":false},"excerpt":{"rendered":"<p>Dwa br\u0105zowe medale to efekt wyst\u0119pu 4 zawodnik\u00f3w PKK Pleszew na Warszawa CUP. Medal br\u0105zowy wywalczy\u0142 Dawid Wojtczak w kumite &hellip; <\/p>\n","protected":false},"author":2,"featured_media":330,"comment_status":"open","ping_status":"open","sticky":false,"template":"","format":"standard","meta":{"footnotes":""},"categories":[1],"tags":[],"class_list":["post-329","post","type-post","status-publish","format-standard","has-post-thumbnail","hentry","category-rozne"],"_links":{"self":[{"href":"http:\/\/www.karate-pleszew.pl\/index.php\/wp-json\/wp\/v2\/posts\/329","targetHints":{"allow":["GET"]}}],"collection":[{"href":"http:\/\/www.karate-pleszew.pl\/index.php\/wp-json\/wp\/v2\/posts"}],"about":[{"href":"http:\/\/www.karate-pleszew.pl\/index.php\/wp-json\/wp\/v2\/types\/post"}],"author":[{"embeddable":true,"href":"http:\/\/www.karate-pleszew.pl\/index.php\/wp-json\/wp\/v2\/users\/2"}],"replies":[{"embeddable":true,"href":"http:\/\/www.karate-pleszew.pl\/index.php\/wp-json\/wp\/v2\/comments?post=329"}],"version-history":[{"count":1,"href":"http:\/\/www.karate-pleszew.pl\/index.php\/wp-json\/wp\/v2\/posts\/329\/revisions"}],"predecessor-version":[{"id":331,"href":"http:\/\/www.karate-pleszew.pl\/index.php\/wp-json\/wp\/v2\/posts\/329\/revisions\/331"}],"wp:featuredmedia":[{"embeddable":true,"href":"http:\/\/www.karate-pleszew.pl\/index.php\/wp-json\/wp\/v2\/media\/330"}],"wp:attachment":[{"href":"http:\/\/www.karate-pleszew.pl\/index.php\/wp-json\/wp\/v2\/media?parent=329"}],"wp:term":[{"taxonomy":"category","embeddable":true,"href":"http:\/\/www.karate-pleszew.pl\/index.php\/wp-json\/wp\/v2\/categories?post=329"},{"taxonomy":"post_tag","embeddable":true,"href":"http:\/\/www.karate-pleszew.pl\/index.php\/wp-json\/wp\/v2\/tags?post=329"}],"curies":[{"name":"wp","href":"https:\/\/api.w.org\/{rel}","templated":true}]}}