{"id":326,"date":"2024-09-08T15:37:54","date_gmt":"2024-09-08T15:37:54","guid":{"rendered":"http:\/\/www.damiano.cal24.pl\/?p=326"},"modified":"2024-09-08T15:37:55","modified_gmt":"2024-09-08T15:37:55","slug":"zduny-cup-18-11-2023","status":"publish","type":"post","link":"http:\/\/www.karate-pleszew.pl\/index.php\/2024\/09\/08\/zduny-cup-18-11-2023\/","title":{"rendered":"Zduny CUP 18.11.2023"},"content":{"rendered":"\n<p>5 medali najm\u0142odszych zawodnik\u00f3w PKK Pleszew na zawodach w Zdunach.<\/p>\n\n\n\n<p>Srebrny medal wywalczy\u0142 Borys Ma\u0142gowski w kumite U10 -30kg.<\/p>\n\n\n\n<p>Zuzanna Kujawiak zosta\u0142a zdobywczyni\u0105 br\u0105zowego medalu w kumite dziewcz\u0105t U10 -30kg. Kolejny br\u0105zowy medal si\u0119gn\u0119\u0142a Celina \u017barnowska w kumite dziewcz\u0105t U14 -47kg. Br\u0105zowymi medalistami stali si\u0119 Jan Borowczyk w kumite ch\u0142opc\u00f3w U10 +30kg oraz Sylwester Kapa\u0142a w kumite U14 -50kg.<\/p>\n\n\n\n<p>Blisko br\u0105zowych medali zajmuj\u0105c 5 miejsca byli Pola <a><\/a>Bier\u0142a w kumite U10 -30kg, Damir Volkov w kumite U12 -40kg, Feliks Gomu\u0142ka w kumite U12 -35kg, Maciej Nowakowski w kumite U10 -30kg oraz Jeremi Dera i Aleksander Urbaniak w kumite U10 -30kg.<\/p>\n\n\n\n<p>W zawodach wyst\u0105pi\u0142a tak\u017ce Weronika Volkova w kata U16.<\/p>\n","protected":false},"excerpt":{"rendered":"<p>5 medali najm\u0142odszych zawodnik\u00f3w PKK Pleszew na zawodach w Zdunach. Srebrny medal wywalczy\u0142 Borys Ma\u0142gowski w kumite U10 -30kg. Zuzanna &hellip; <\/p>\n","protected":false},"author":2,"featured_media":327,"comment_status":"open","ping_status":"open","sticky":false,"template":"","format":"standard","meta":{"footnotes":""},"categories":[1],"tags":[],"class_list":["post-326","post","type-post","status-publish","format-standard","has-post-thumbnail","hentry","category-rozne"],"_links":{"self":[{"href":"http:\/\/www.karate-pleszew.pl\/index.php\/wp-json\/wp\/v2\/posts\/326","targetHints":{"allow":["GET"]}}],"collection":[{"href":"http:\/\/www.karate-pleszew.pl\/index.php\/wp-json\/wp\/v2\/posts"}],"about":[{"href":"http:\/\/www.karate-pleszew.pl\/index.php\/wp-json\/wp\/v2\/types\/post"}],"author":[{"embeddable":true,"href":"http:\/\/www.karate-pleszew.pl\/index.php\/wp-json\/wp\/v2\/users\/2"}],"replies":[{"embeddable":true,"href":"http:\/\/www.karate-pleszew.pl\/index.php\/wp-json\/wp\/v2\/comments?post=326"}],"version-history":[{"count":1,"href":"http:\/\/www.karate-pleszew.pl\/index.php\/wp-json\/wp\/v2\/posts\/326\/revisions"}],"predecessor-version":[{"id":328,"href":"http:\/\/www.karate-pleszew.pl\/index.php\/wp-json\/wp\/v2\/posts\/326\/revisions\/328"}],"wp:featuredmedia":[{"embeddable":true,"href":"http:\/\/www.karate-pleszew.pl\/index.php\/wp-json\/wp\/v2\/media\/327"}],"wp:attachment":[{"href":"http:\/\/www.karate-pleszew.pl\/index.php\/wp-json\/wp\/v2\/media?parent=326"}],"wp:term":[{"taxonomy":"category","embeddable":true,"href":"http:\/\/www.karate-pleszew.pl\/index.php\/wp-json\/wp\/v2\/categories?post=326"},{"taxonomy":"post_tag","embeddable":true,"href":"http:\/\/www.karate-pleszew.pl\/index.php\/wp-json\/wp\/v2\/tags?post=326"}],"curies":[{"name":"wp","href":"https:\/\/api.w.org\/{rel}","templated":true}]}}