{"id":320,"date":"2024-09-08T15:31:09","date_gmt":"2024-09-08T15:31:09","guid":{"rendered":"http:\/\/www.damiano.cal24.pl\/?p=320"},"modified":"2024-09-08T15:31:09","modified_gmt":"2024-09-08T15:31:09","slug":"2-turniej-karate-wkf-jinkaku-cup-trzebnica","status":"publish","type":"post","link":"http:\/\/www.karate-pleszew.pl\/index.php\/2024\/09\/08\/2-turniej-karate-wkf-jinkaku-cup-trzebnica\/","title":{"rendered":"2 turniej karate WKF Jinkaku CUP Trzebnica"},"content":{"rendered":"\n<p>8 medali w tym 3 z\u0142ote, 3 srebrne i 2 br\u0105zowe to efekt startu zawodnik\u00f3w Pleszewskiego Klubu Karate w Trzebnicy w dniu 28 pa\u017adziernika.<\/p>\n\n\n\n<p>Z\u0142ote medale:<\/p>\n\n\n\n<p>&#8211; <img loading=\"lazy\" decoding=\"async\" height=\"16\" width=\"16\" alt=\"????\" src=\"https:\/\/static.xx.fbcdn.net\/images\/emoji.php\/v9\/t94\/1\/16\/1f947.png\">Borowczyk Jan kumite U10 +30kg,<\/p>\n\n\n\n<p>&#8211; <img loading=\"lazy\" decoding=\"async\" height=\"16\" width=\"16\" alt=\"????\" src=\"https:\/\/static.xx.fbcdn.net\/images\/emoji.php\/v9\/t94\/1\/16\/1f947.png\">Jag\u0142a Bartosz kumite U14 -45kg,<\/p>\n\n\n\n<p>&#8211; <a><\/a><img loading=\"lazy\" decoding=\"async\" height=\"16\" width=\"16\" alt=\"????\" src=\"https:\/\/static.xx.fbcdn.net\/images\/emoji.php\/v9\/t94\/1\/16\/1f947.png\">Borowczyk Jakub kumite U18 -68kg,<\/p>\n\n\n\n<p>Srebrne medale:<\/p>\n\n\n\n<p>&#8211; <img loading=\"lazy\" decoding=\"async\" height=\"16\" width=\"16\" alt=\"????\" src=\"https:\/\/static.xx.fbcdn.net\/images\/emoji.php\/v9\/t15\/1\/16\/1f948.png\">Bier\u0142a Pola kumite U10 -30kg,<\/p>\n\n\n\n<p>&#8211; <img loading=\"lazy\" decoding=\"async\" height=\"16\" width=\"16\" alt=\"????\" src=\"https:\/\/static.xx.fbcdn.net\/images\/emoji.php\/v9\/t15\/1\/16\/1f948.png\">Volkov Damir kumite U12 -40kg,<\/p>\n\n\n\n<p>&#8211; <img loading=\"lazy\" decoding=\"async\" height=\"16\" width=\"16\" alt=\"????\" src=\"https:\/\/static.xx.fbcdn.net\/images\/emoji.php\/v9\/t15\/1\/16\/1f948.png\">Volkova Veronika kata U18,<\/p>\n\n\n\n<p>Br\u0105zowe medale:<\/p>\n\n\n\n<p>&#8211; <img loading=\"lazy\" decoding=\"async\" height=\"16\" width=\"16\" alt=\"????\" src=\"https:\/\/static.xx.fbcdn.net\/images\/emoji.php\/v9\/t96\/1\/16\/1f949.png\">Nowakowski Maciej kumite U10 -30kg,<\/p>\n\n\n\n<p>&#8211; <img loading=\"lazy\" decoding=\"async\" height=\"16\" width=\"16\" alt=\"????\" src=\"https:\/\/static.xx.fbcdn.net\/images\/emoji.php\/v9\/t96\/1\/16\/1f949.png\">Volkowa Veronika kata U16,<\/p>\n\n\n\n<p>Pi\u0105te miejsca:<\/p>\n\n\n\n<p>&#8211; <img loading=\"lazy\" decoding=\"async\" height=\"16\" width=\"16\" alt=\"5\ufe0f\u20e3\" src=\"https:\/\/static.xx.fbcdn.net\/images\/emoji.php\/v9\/tf6\/1\/16\/35_20e3.png\">Kujawiak Zuzanna kumite U10 -30kg,<\/p>\n\n\n\n<p>&#8211; <img loading=\"lazy\" decoding=\"async\" height=\"16\" width=\"16\" alt=\"5\ufe0f\u20e3\" src=\"https:\/\/static.xx.fbcdn.net\/images\/emoji.php\/v9\/tf6\/1\/16\/35_20e3.png\">Ma\u0142gowski Borys kumite U10 -30kg,<\/p>\n\n\n\n<p>&#8211; <img loading=\"lazy\" decoding=\"async\" height=\"16\" width=\"16\" alt=\"5\ufe0f\u20e3\" src=\"https:\/\/static.xx.fbcdn.net\/images\/emoji.php\/v9\/tf6\/1\/16\/35_20e3.png\">Dera Jeremi kumite U10 -30kg,<\/p>\n\n\n\n<p>Si\u00f3dme miejsce:<\/p>\n\n\n\n<p>&#8211; <img loading=\"lazy\" decoding=\"async\" height=\"16\" width=\"16\" alt=\"7\ufe0f\u20e3\" src=\"https:\/\/static.xx.fbcdn.net\/images\/emoji.php\/v9\/t34\/1\/16\/37_20e3.png\">\u017barnowska Celina kumite U14 -47kg,<\/p>\n\n\n\n<p>Dziewi\u0105te miejsce:<\/p>\n\n\n\n<p>&#8211; <img loading=\"lazy\" decoding=\"async\" height=\"16\" width=\"16\" alt=\"9\ufe0f\u20e3\" src=\"https:\/\/static.xx.fbcdn.net\/images\/emoji.php\/v9\/t72\/1\/16\/39_20e3.png\">Nowakowski Maciej kumite U12 -35kg,<\/p>\n\n\n\n<p>W zawodach wzi\u0119li udzia\u0142 tak\u017c:<\/p>\n\n\n\n<p>Gomu\u0142ka Feliks kumite U12 -35kg, Gomu\u0142ka \u0141ucja kumite U14 -52kg, Aleksander Urbaniak kumite U10 -35 oraz U14 -40kg.<\/p>\n","protected":false},"excerpt":{"rendered":"<p>8 medali w tym 3 z\u0142ote, 3 srebrne i 2 br\u0105zowe to efekt startu zawodnik\u00f3w Pleszewskiego Klubu Karate w Trzebnicy &hellip; <\/p>\n","protected":false},"author":2,"featured_media":321,"comment_status":"open","ping_status":"open","sticky":false,"template":"","format":"standard","meta":{"footnotes":""},"categories":[1],"tags":[],"class_list":["post-320","post","type-post","status-publish","format-standard","has-post-thumbnail","hentry","category-rozne"],"_links":{"self":[{"href":"http:\/\/www.karate-pleszew.pl\/index.php\/wp-json\/wp\/v2\/posts\/320","targetHints":{"allow":["GET"]}}],"collection":[{"href":"http:\/\/www.karate-pleszew.pl\/index.php\/wp-json\/wp\/v2\/posts"}],"about":[{"href":"http:\/\/www.karate-pleszew.pl\/index.php\/wp-json\/wp\/v2\/types\/post"}],"author":[{"embeddable":true,"href":"http:\/\/www.karate-pleszew.pl\/index.php\/wp-json\/wp\/v2\/users\/2"}],"replies":[{"embeddable":true,"href":"http:\/\/www.karate-pleszew.pl\/index.php\/wp-json\/wp\/v2\/comments?post=320"}],"version-history":[{"count":1,"href":"http:\/\/www.karate-pleszew.pl\/index.php\/wp-json\/wp\/v2\/posts\/320\/revisions"}],"predecessor-version":[{"id":322,"href":"http:\/\/www.karate-pleszew.pl\/index.php\/wp-json\/wp\/v2\/posts\/320\/revisions\/322"}],"wp:featuredmedia":[{"embeddable":true,"href":"http:\/\/www.karate-pleszew.pl\/index.php\/wp-json\/wp\/v2\/media\/321"}],"wp:attachment":[{"href":"http:\/\/www.karate-pleszew.pl\/index.php\/wp-json\/wp\/v2\/media?parent=320"}],"wp:term":[{"taxonomy":"category","embeddable":true,"href":"http:\/\/www.karate-pleszew.pl\/index.php\/wp-json\/wp\/v2\/categories?post=320"},{"taxonomy":"post_tag","embeddable":true,"href":"http:\/\/www.karate-pleszew.pl\/index.php\/wp-json\/wp\/v2\/tags?post=320"}],"curies":[{"name":"wp","href":"https:\/\/api.w.org\/{rel}","templated":true}]}}