{"id":317,"date":"2024-09-08T15:27:27","date_gmt":"2024-09-08T15:27:27","guid":{"rendered":"http:\/\/www.damiano.cal24.pl\/?p=317"},"modified":"2024-09-08T15:27:28","modified_gmt":"2024-09-08T15:27:28","slug":"26-mistrzostwach-swiata-karate-seniorow-wkf-22-29-2023-budapeszt","status":"publish","type":"post","link":"http:\/\/www.karate-pleszew.pl\/index.php\/2024\/09\/08\/26-mistrzostwach-swiata-karate-seniorow-wkf-22-29-2023-budapeszt\/","title":{"rendered":"26 Mistrzostwach \u015awiata Karate Senior\u00f3w WKF 22-29.2023 Budapeszt"},"content":{"rendered":"\n<p>Micha\u0142 Florczak w reprezentacji Polski w konkurencji kumite -84kg na 26 Mistrzostwach \u015awiata Karate Senior\u00f3w WKF 22-29.2023 Budapeszt.<\/p>\n\n\n\n<p><img loading=\"lazy\" decoding=\"async\" height=\"16\" width=\"16\" alt=\"????\" src=\"https:\/\/static.xx.fbcdn.net\/images\/emoji.php\/v9\/tc0\/1\/16\/1f30e.png\"> wystartuj\u0105 reprezentanci 112 kraj\u00f3w<\/p>\n\n\n\n<p><img loading=\"lazy\" decoding=\"async\" height=\"16\" width=\"16\" alt=\"????\" src=\"https:\/\/static.xx.fbcdn.net\/images\/emoji.php\/v9\/t3f\/1\/16\/1f94b.png\"> 987 zawodnik\u00f3w<\/p>\n\n\n\n<p>Na mistrzostwach zostanie rozegranych:<\/p>\n\n\n\n<p><img loading=\"lazy\" decoding=\"async\" height=\"16\" width=\"16\" alt=\"????\" src=\"https:\/\/static.xx.fbcdn.net\/images\/emoji.php\/v9\/t6e\/1\/16\/1f534.png\"><a><\/a>12 konkurencji indywidualnych<\/p>\n\n\n\n<p><img loading=\"lazy\" decoding=\"async\" height=\"16\" width=\"16\" alt=\"????\" src=\"https:\/\/static.xx.fbcdn.net\/images\/emoji.php\/v9\/tef\/1\/16\/1f535.png\"> 4 dru\u017cynowe.<\/p>\n\n\n\n<p>Ka\u017cda reprezentacja ma mo\u017cliwo\u015b\u0107 wystawienia tylko jednego zawodnika\/dru\u017cyn\u0119 w danej konkurencji.<\/p>\n\n\n\n<p>Prawo reprezentowania Polski na tych zawodach ma tylko Polska Unia Karate &#8211; jedyny Polski Zwi\u0105zek Sportowy w dyscyplinie Karate.<\/p>\n","protected":false},"excerpt":{"rendered":"<p>Micha\u0142 Florczak w reprezentacji Polski w konkurencji kumite -84kg na 26 Mistrzostwach \u015awiata Karate Senior\u00f3w WKF 22-29.2023 Budapeszt. wystartuj\u0105 reprezentanci &hellip; <\/p>\n","protected":false},"author":2,"featured_media":318,"comment_status":"open","ping_status":"open","sticky":false,"template":"","format":"standard","meta":{"footnotes":""},"categories":[1],"tags":[],"class_list":["post-317","post","type-post","status-publish","format-standard","has-post-thumbnail","hentry","category-rozne"],"_links":{"self":[{"href":"http:\/\/www.karate-pleszew.pl\/index.php\/wp-json\/wp\/v2\/posts\/317","targetHints":{"allow":["GET"]}}],"collection":[{"href":"http:\/\/www.karate-pleszew.pl\/index.php\/wp-json\/wp\/v2\/posts"}],"about":[{"href":"http:\/\/www.karate-pleszew.pl\/index.php\/wp-json\/wp\/v2\/types\/post"}],"author":[{"embeddable":true,"href":"http:\/\/www.karate-pleszew.pl\/index.php\/wp-json\/wp\/v2\/users\/2"}],"replies":[{"embeddable":true,"href":"http:\/\/www.karate-pleszew.pl\/index.php\/wp-json\/wp\/v2\/comments?post=317"}],"version-history":[{"count":1,"href":"http:\/\/www.karate-pleszew.pl\/index.php\/wp-json\/wp\/v2\/posts\/317\/revisions"}],"predecessor-version":[{"id":319,"href":"http:\/\/www.karate-pleszew.pl\/index.php\/wp-json\/wp\/v2\/posts\/317\/revisions\/319"}],"wp:featuredmedia":[{"embeddable":true,"href":"http:\/\/www.karate-pleszew.pl\/index.php\/wp-json\/wp\/v2\/media\/318"}],"wp:attachment":[{"href":"http:\/\/www.karate-pleszew.pl\/index.php\/wp-json\/wp\/v2\/media?parent=317"}],"wp:term":[{"taxonomy":"category","embeddable":true,"href":"http:\/\/www.karate-pleszew.pl\/index.php\/wp-json\/wp\/v2\/categories?post=317"},{"taxonomy":"post_tag","embeddable":true,"href":"http:\/\/www.karate-pleszew.pl\/index.php\/wp-json\/wp\/v2\/tags?post=317"}],"curies":[{"name":"wp","href":"https:\/\/api.w.org\/{rel}","templated":true}]}}