{"id":314,"date":"2024-09-08T15:20:30","date_gmt":"2024-09-08T15:20:30","guid":{"rendered":"http:\/\/www.damiano.cal24.pl\/?p=314"},"modified":"2024-09-08T15:20:31","modified_gmt":"2024-09-08T15:20:31","slug":"miedzywojewodzkie-mistrzostwa-mlodzikow-karate-kf-srem-14-10-2023","status":"publish","type":"post","link":"http:\/\/www.karate-pleszew.pl\/index.php\/2024\/09\/08\/miedzywojewodzkie-mistrzostwa-mlodzikow-karate-kf-srem-14-10-2023\/","title":{"rendered":"Mi\u0119dzywojew\u00f3dzkie Mistrzostwa M\u0142odzik\u00f3w Karate KF \u015arem 14.10.2023"},"content":{"rendered":"\n<p>Srebrny medal \u0141ucji Gomu\u0142ki w kumite -50kg,<\/p>\n\n\n\n<p>Pi\u0105te miejsce zaj\u0105\u0142 Bartosz Jag\u0142a w kumite -45kg.<\/p>\n\n\n\n<p>W zawodach wzi\u0119li udzia\u0142 tak\u017ce Maksymilian Margiela kumite -45kg oraz Sylwester Kapa\u0142a kumite -50kg.<\/p>\n","protected":false},"excerpt":{"rendered":"<p>Srebrny medal \u0141ucji Gomu\u0142ki w kumite -50kg, Pi\u0105te miejsce zaj\u0105\u0142 Bartosz Jag\u0142a w kumite -45kg. W zawodach wzi\u0119li udzia\u0142 tak\u017ce &hellip; <\/p>\n","protected":false},"author":2,"featured_media":315,"comment_status":"open","ping_status":"open","sticky":false,"template":"","format":"standard","meta":{"footnotes":""},"categories":[1],"tags":[],"class_list":["post-314","post","type-post","status-publish","format-standard","has-post-thumbnail","hentry","category-rozne"],"_links":{"self":[{"href":"http:\/\/www.karate-pleszew.pl\/index.php\/wp-json\/wp\/v2\/posts\/314","targetHints":{"allow":["GET"]}}],"collection":[{"href":"http:\/\/www.karate-pleszew.pl\/index.php\/wp-json\/wp\/v2\/posts"}],"about":[{"href":"http:\/\/www.karate-pleszew.pl\/index.php\/wp-json\/wp\/v2\/types\/post"}],"author":[{"embeddable":true,"href":"http:\/\/www.karate-pleszew.pl\/index.php\/wp-json\/wp\/v2\/users\/2"}],"replies":[{"embeddable":true,"href":"http:\/\/www.karate-pleszew.pl\/index.php\/wp-json\/wp\/v2\/comments?post=314"}],"version-history":[{"count":1,"href":"http:\/\/www.karate-pleszew.pl\/index.php\/wp-json\/wp\/v2\/posts\/314\/revisions"}],"predecessor-version":[{"id":316,"href":"http:\/\/www.karate-pleszew.pl\/index.php\/wp-json\/wp\/v2\/posts\/314\/revisions\/316"}],"wp:featuredmedia":[{"embeddable":true,"href":"http:\/\/www.karate-pleszew.pl\/index.php\/wp-json\/wp\/v2\/media\/315"}],"wp:attachment":[{"href":"http:\/\/www.karate-pleszew.pl\/index.php\/wp-json\/wp\/v2\/media?parent=314"}],"wp:term":[{"taxonomy":"category","embeddable":true,"href":"http:\/\/www.karate-pleszew.pl\/index.php\/wp-json\/wp\/v2\/categories?post=314"},{"taxonomy":"post_tag","embeddable":true,"href":"http:\/\/www.karate-pleszew.pl\/index.php\/wp-json\/wp\/v2\/tags?post=314"}],"curies":[{"name":"wp","href":"https:\/\/api.w.org\/{rel}","templated":true}]}}