{"id":236,"date":"2023-12-16T03:48:25","date_gmt":"2023-12-16T03:48:25","guid":{"rendered":"http:\/\/www.damiano.cal24.pl\/?p=236"},"modified":"2023-12-16T03:52:07","modified_gmt":"2023-12-16T03:52:07","slug":"konsultacje-kadry-narodowej-karate-kadetow-i-juniorow","status":"publish","type":"post","link":"http:\/\/www.karate-pleszew.pl\/index.php\/2023\/12\/16\/konsultacje-kadry-narodowej-karate-kadetow-i-juniorow\/","title":{"rendered":"Konsultacje Kadry Narodowej Karate Kadet\u00f3w i Junior\u00f3w"},"content":{"rendered":"\n<p>W dniach 17-19 listopada 2023 r. &#8211; COS OPO Wa\u0142cz odby\u0142y si\u0119 konsultacje Kadry Narodowej Karate Kadet\u00f3w i Junior\u00f3w. Jest to jedna z wielu aktywno\u015bci kadry maj\u0105ca na celu przygotowanie reprezentacji Polski na Mistrzostwa Europy Kadet\u00f3w, Junior\u00f3w i M\u0142odzie\u017cowc\u00f3w, kt\u00f3re zaplanowane s\u0105 w Tbilisi, Gruzja ) 9-11 lutego 2024 r. W konsultacjach kadry narodowej karate WKF wzi\u0119\u0142a udzia\u0142 nasza zawodniczka Maja Kolanowska wraz z trenerem Bartkiem So\u0142tysiakiem.<\/p>\n\n\n\n<p>Bart\u0142omiej So\u0142tysiak pierwszy raz na konsultacjach junior\u00f3w i junior\u00f3w m\u0142odszych wyst\u0105pi\u0142 jako trener prowadz\u0105cy kadr\u0119.<\/p>\n\n\n\n<figure class=\"wp-block-gallery has-nested-images columns-default is-cropped wp-block-gallery-1 is-layout-flex wp-block-gallery-is-layout-flex\">\n<figure class=\"wp-block-image size-large\"><img loading=\"lazy\" decoding=\"async\" width=\"1024\" height=\"612\" data-id=\"237\" src=\"http:\/\/www.karate-pleszew.pl\/wp-content\/uploads\/2023\/12\/403061319_1382411119280689_8328439973230939442_n.jpg\" alt=\"\" class=\"wp-image-237\" srcset=\"http:\/\/www.karate-pleszew.pl\/wp-content\/uploads\/2023\/12\/403061319_1382411119280689_8328439973230939442_n.jpg 1024w, http:\/\/www.karate-pleszew.pl\/wp-content\/uploads\/2023\/12\/403061319_1382411119280689_8328439973230939442_n-300x179.jpg 300w, http:\/\/www.karate-pleszew.pl\/wp-content\/uploads\/2023\/12\/403061319_1382411119280689_8328439973230939442_n-768x459.jpg 768w, http:\/\/www.karate-pleszew.pl\/wp-content\/uploads\/2023\/12\/403061319_1382411119280689_8328439973230939442_n-100x60.jpg 100w\" sizes=\"auto, (max-width: 1024px) 100vw, 1024px\" \/><\/figure>\n\n\n\n<figure class=\"wp-block-image size-large\"><img loading=\"lazy\" decoding=\"async\" width=\"1024\" height=\"768\" data-id=\"238\" src=\"http:\/\/www.karate-pleszew.pl\/wp-content\/uploads\/2023\/12\/402417653_843714491093731_55867268688084937_n.jpg\" alt=\"\" class=\"wp-image-238\" srcset=\"http:\/\/www.karate-pleszew.pl\/wp-content\/uploads\/2023\/12\/402417653_843714491093731_55867268688084937_n.jpg 1024w, http:\/\/www.karate-pleszew.pl\/wp-content\/uploads\/2023\/12\/402417653_843714491093731_55867268688084937_n-300x225.jpg 300w, http:\/\/www.karate-pleszew.pl\/wp-content\/uploads\/2023\/12\/402417653_843714491093731_55867268688084937_n-768x576.jpg 768w, http:\/\/www.karate-pleszew.pl\/wp-content\/uploads\/2023\/12\/402417653_843714491093731_55867268688084937_n-80x60.jpg 80w\" sizes=\"auto, (max-width: 1024px) 100vw, 1024px\" \/><\/figure>\n<\/figure>\n","protected":false},"excerpt":{"rendered":"<p>W dniach 17-19 listopada 2023 r. &#8211; COS OPO Wa\u0142cz odby\u0142y si\u0119 konsultacje Kadry Narodowej Karate Kadet\u00f3w i Junior\u00f3w. Jest &hellip; <\/p>\n","protected":false},"author":1,"featured_media":242,"comment_status":"closed","ping_status":"closed","sticky":false,"template":"","format":"standard","meta":{"footnotes":""},"categories":[5],"tags":[],"class_list":["post-236","post","type-post","status-publish","format-standard","has-post-thumbnail","hentry","category-wydarzenia"],"_links":{"self":[{"href":"http:\/\/www.karate-pleszew.pl\/index.php\/wp-json\/wp\/v2\/posts\/236","targetHints":{"allow":["GET"]}}],"collection":[{"href":"http:\/\/www.karate-pleszew.pl\/index.php\/wp-json\/wp\/v2\/posts"}],"about":[{"href":"http:\/\/www.karate-pleszew.pl\/index.php\/wp-json\/wp\/v2\/types\/post"}],"author":[{"embeddable":true,"href":"http:\/\/www.karate-pleszew.pl\/index.php\/wp-json\/wp\/v2\/users\/1"}],"replies":[{"embeddable":true,"href":"http:\/\/www.karate-pleszew.pl\/index.php\/wp-json\/wp\/v2\/comments?post=236"}],"version-history":[{"count":3,"href":"http:\/\/www.karate-pleszew.pl\/index.php\/wp-json\/wp\/v2\/posts\/236\/revisions"}],"predecessor-version":[{"id":245,"href":"http:\/\/www.karate-pleszew.pl\/index.php\/wp-json\/wp\/v2\/posts\/236\/revisions\/245"}],"wp:featuredmedia":[{"embeddable":true,"href":"http:\/\/www.karate-pleszew.pl\/index.php\/wp-json\/wp\/v2\/media\/242"}],"wp:attachment":[{"href":"http:\/\/www.karate-pleszew.pl\/index.php\/wp-json\/wp\/v2\/media?parent=236"}],"wp:term":[{"taxonomy":"category","embeddable":true,"href":"http:\/\/www.karate-pleszew.pl\/index.php\/wp-json\/wp\/v2\/categories?post=236"},{"taxonomy":"post_tag","embeddable":true,"href":"http:\/\/www.karate-pleszew.pl\/index.php\/wp-json\/wp\/v2\/tags?post=236"}],"curies":[{"name":"wp","href":"https:\/\/api.w.org\/{rel}","templated":true}]}}