{"id":215,"date":"2023-10-08T18:33:44","date_gmt":"2023-10-08T18:33:44","guid":{"rendered":"http:\/\/www.damiano.cal24.pl\/?p=215"},"modified":"2024-09-08T12:51:47","modified_gmt":"2024-09-08T12:51:47","slug":"srebrny-medal-michala-florczaka-na-turnieju-ligi-swiatowej-larnaca-cypr","status":"publish","type":"post","link":"http:\/\/www.karate-pleszew.pl\/index.php\/2023\/10\/08\/srebrny-medal-michala-florczaka-na-turnieju-ligi-swiatowej-larnaca-cypr\/","title":{"rendered":"Srebrny medal Micha\u0142a Florczaka na turnieju ligi \u015bwiatowej Larnaca Cypr"},"content":{"rendered":"\n<p>Micha\u0142 Florczak, zawodnik Pleszewskiego Klubu Karate wyst\u0105pi\u0142 w turnieju Ligi \u015awiatowej w Larnace. Po stoczeniu pi\u0119ciu walk, wywalczy\u0142 w finale srebro. To historyczny start Polak\u00f3w w \u015bwiatowych zawodach.<br><\/p>\n\n\n\n<p>W dniach 29 wrze\u015bnia \u2013 2 pa\u017adziernika odby\u0142 si\u0119 turniej Ligi \u015awiatowej Series A Larnaca 2023 w karate. W\u015br\u00f3d 937 zawodnik\u00f3w z 76 pa\u0144stw znalaz\u0142 si\u0119 Micha\u0142 Florczak, reprezentant Pleszewskiego Klubu Karate. Po stoczeniu pi\u0119ciu wygranych walk, dotar\u0142 do fina\u0142u kategorii \u2013 84 kg. <\/p>\n\n\n\n<p>Florczak w pierwszej walce pokona\u0142 zawodnika z Francji Joachim-Arnaud Klilin 2-0, w drugiej walce zwyci\u0119\u017cy\u0142 z Serbem Mijalkovicem Urlos 5-0, w kolejnej pokona\u0142 \u0141otysza Sadikkovs Dens 3-1, natomiast w czwartej wygra\u0142 ze S\u0142owakiem Smoliga Julian Enrik 4-3. W p\u00f3\u0142finale pokona\u0142 poprzez wskazanie 3 do 1 przy stanie 4 do 4 zawodnika z Iranu Edalati Saman. Walk\u0119 fina\u0142ow\u0105 zawodnik PKK odby\u0142 ze S\u0142owakiem Gyurikiem Adi, w kt\u00f3rej Florczak musia\u0142 uzna\u0107 wy\u017cszo\u015b\u0107 przeciwnika przegrywaj\u0105c po zaci\u0119tej walce 0-6. Poza Micha\u0142em Florczakiem, w turnieju wyst\u0105pi\u0142o troje innych zawodnik\u00f3w, reprezentuj\u0105cych bia\u0142o-czerwone barwy. Rewelacyjne z\u0142oto w kategorii + 68 kg wywalczy\u0142a Julia Daniszewska z Sonkei Gda\u0144sk. By\u0142 to historyczny start, w kt\u00f3rym a\u017c czworo zawodnik\u00f3w walczy\u0142o o medale, a dwojgu z nich ten sukces uda\u0142o si\u0119 osi\u0105gn\u0105\u0107.<br>To absolutnie bardzo dobry wynik. Polskie karate wchodzi na poziom, na kt\u00f3rym jeszcze nigdy nie by\u0142o. Szczeg\u00f3lnie wynik naszego zawodnika Micha\u0142a Florczaka jest dobrym symptomem przed zbli\u017caj\u0105cymi si\u0119 Mistrzostwami \u015awiata Karate WKF\u00a0\u2013 podkre\u015bla J\u00f3zef So\u0142tysiak, prezes Pleszewskiego Klubu Karate. Mistrzostwa \u015awiata odb\u0119d\u0105 si\u0119 w dniach 24-29 pa\u017adziernika w Budapeszcie.<\/p>\n\n\n\n<figure class=\"wp-block-gallery has-nested-images columns-default is-cropped wp-block-gallery-1 is-layout-flex wp-block-gallery-is-layout-flex\">\n<figure class=\"wp-block-image size-large\"><img loading=\"lazy\" decoding=\"async\" width=\"1024\" height=\"767\" data-id=\"220\" src=\"http:\/\/www.karate-pleszew.pl\/wp-content\/uploads\/2023\/10\/Michal-Florczak1-1024x767.jpg\" alt=\"\" class=\"wp-image-220\" srcset=\"http:\/\/www.karate-pleszew.pl\/wp-content\/uploads\/2023\/10\/Michal-Florczak1-1024x767.jpg 1024w, http:\/\/www.karate-pleszew.pl\/wp-content\/uploads\/2023\/10\/Michal-Florczak1-300x225.jpg 300w, http:\/\/www.karate-pleszew.pl\/wp-content\/uploads\/2023\/10\/Michal-Florczak1-768x575.jpg 768w, http:\/\/www.karate-pleszew.pl\/wp-content\/uploads\/2023\/10\/Michal-Florczak1-80x60.jpg 80w, http:\/\/www.karate-pleszew.pl\/wp-content\/uploads\/2023\/10\/Michal-Florczak1.jpg 1170w\" sizes=\"auto, (max-width: 1024px) 100vw, 1024px\" \/><\/figure>\n\n\n\n<figure class=\"wp-block-image size-large\"><img loading=\"lazy\" decoding=\"async\" width=\"1024\" height=\"767\" data-id=\"219\" src=\"http:\/\/www.karate-pleszew.pl\/wp-content\/uploads\/2023\/10\/Michal1-1024x767.jpg\" alt=\"\" class=\"wp-image-219\" srcset=\"http:\/\/www.karate-pleszew.pl\/wp-content\/uploads\/2023\/10\/Michal1-1024x767.jpg 1024w, http:\/\/www.karate-pleszew.pl\/wp-content\/uploads\/2023\/10\/Michal1-300x225.jpg 300w, http:\/\/www.karate-pleszew.pl\/wp-content\/uploads\/2023\/10\/Michal1-768x575.jpg 768w, http:\/\/www.karate-pleszew.pl\/wp-content\/uploads\/2023\/10\/Michal1-80x60.jpg 80w, http:\/\/www.karate-pleszew.pl\/wp-content\/uploads\/2023\/10\/Michal1.jpg 1170w\" sizes=\"auto, (max-width: 1024px) 100vw, 1024px\" \/><\/figure>\n\n\n\n<figure class=\"wp-block-image size-large\"><img loading=\"lazy\" decoding=\"async\" width=\"768\" height=\"1024\" data-id=\"217\" src=\"http:\/\/www.karate-pleszew.pl\/wp-content\/uploads\/2023\/10\/Michal1aaa-768x1024.jpg\" alt=\"\" class=\"wp-image-217\" srcset=\"http:\/\/www.karate-pleszew.pl\/wp-content\/uploads\/2023\/10\/Michal1aaa-768x1024.jpg 768w, http:\/\/www.karate-pleszew.pl\/wp-content\/uploads\/2023\/10\/Michal1aaa-225x300.jpg 225w, http:\/\/www.karate-pleszew.pl\/wp-content\/uploads\/2023\/10\/Michal1aaa-1152x1536.jpg 1152w, http:\/\/www.karate-pleszew.pl\/wp-content\/uploads\/2023\/10\/Michal1aaa-45x60.jpg 45w, http:\/\/www.karate-pleszew.pl\/wp-content\/uploads\/2023\/10\/Michal1aaa.jpg 1536w\" sizes=\"auto, (max-width: 768px) 100vw, 768px\" \/><\/figure>\n\n\n\n<figure class=\"wp-block-image size-large\"><img loading=\"lazy\" decoding=\"async\" width=\"1024\" height=\"768\" data-id=\"216\" src=\"http:\/\/www.karate-pleszew.pl\/wp-content\/uploads\/2023\/10\/Michal1aaaa-1024x768.jpg\" alt=\"\" class=\"wp-image-216\" srcset=\"http:\/\/www.karate-pleszew.pl\/wp-content\/uploads\/2023\/10\/Michal1aaaa-1024x768.jpg 1024w, http:\/\/www.karate-pleszew.pl\/wp-content\/uploads\/2023\/10\/Michal1aaaa-300x225.jpg 300w, http:\/\/www.karate-pleszew.pl\/wp-content\/uploads\/2023\/10\/Michal1aaaa-768x576.jpg 768w, http:\/\/www.karate-pleszew.pl\/wp-content\/uploads\/2023\/10\/Michal1aaaa-1536x1152.jpg 1536w, http:\/\/www.karate-pleszew.pl\/wp-content\/uploads\/2023\/10\/Michal1aaaa-80x60.jpg 80w, http:\/\/www.karate-pleszew.pl\/wp-content\/uploads\/2023\/10\/Michal1aaaa.jpg 2048w\" sizes=\"auto, (max-width: 1024px) 100vw, 1024px\" \/><\/figure>\n<\/figure>\n","protected":false},"excerpt":{"rendered":"<p>Micha\u0142 Florczak, zawodnik Pleszewskiego Klubu Karate wyst\u0105pi\u0142 w turnieju Ligi \u015awiatowej w Larnace. Po stoczeniu pi\u0119ciu walk, wywalczy\u0142 w finale &hellip; <\/p>\n","protected":false},"author":1,"featured_media":218,"comment_status":"closed","ping_status":"closed","sticky":true,"template":"","format":"standard","meta":{"footnotes":""},"categories":[5],"tags":[],"class_list":["post-215","post","type-post","status-publish","format-standard","has-post-thumbnail","hentry","category-wydarzenia"],"_links":{"self":[{"href":"http:\/\/www.karate-pleszew.pl\/index.php\/wp-json\/wp\/v2\/posts\/215","targetHints":{"allow":["GET"]}}],"collection":[{"href":"http:\/\/www.karate-pleszew.pl\/index.php\/wp-json\/wp\/v2\/posts"}],"about":[{"href":"http:\/\/www.karate-pleszew.pl\/index.php\/wp-json\/wp\/v2\/types\/post"}],"author":[{"embeddable":true,"href":"http:\/\/www.karate-pleszew.pl\/index.php\/wp-json\/wp\/v2\/users\/1"}],"replies":[{"embeddable":true,"href":"http:\/\/www.karate-pleszew.pl\/index.php\/wp-json\/wp\/v2\/comments?post=215"}],"version-history":[{"count":4,"href":"http:\/\/www.karate-pleszew.pl\/index.php\/wp-json\/wp\/v2\/posts\/215\/revisions"}],"predecessor-version":[{"id":309,"href":"http:\/\/www.karate-pleszew.pl\/index.php\/wp-json\/wp\/v2\/posts\/215\/revisions\/309"}],"wp:featuredmedia":[{"embeddable":true,"href":"http:\/\/www.karate-pleszew.pl\/index.php\/wp-json\/wp\/v2\/media\/218"}],"wp:attachment":[{"href":"http:\/\/www.karate-pleszew.pl\/index.php\/wp-json\/wp\/v2\/media?parent=215"}],"wp:term":[{"taxonomy":"category","embeddable":true,"href":"http:\/\/www.karate-pleszew.pl\/index.php\/wp-json\/wp\/v2\/categories?post=215"},{"taxonomy":"post_tag","embeddable":true,"href":"http:\/\/www.karate-pleszew.pl\/index.php\/wp-json\/wp\/v2\/tags?post=215"}],"curies":[{"name":"wp","href":"https:\/\/api.w.org\/{rel}","templated":true}]}}