{"id":200,"date":"2023-10-08T18:20:23","date_gmt":"2023-10-08T18:20:23","guid":{"rendered":"http:\/\/www.damiano.cal24.pl\/?p=200"},"modified":"2023-10-08T18:21:10","modified_gmt":"2023-10-08T18:21:10","slug":"26-budapest-open-karate-wkf","status":"publish","type":"post","link":"http:\/\/www.karate-pleszew.pl\/index.php\/2023\/10\/08\/26-budapest-open-karate-wkf\/","title":{"rendered":"26 Budapest Open Karate WKF"},"content":{"rendered":"\n<p>W bardzo silnie obsadzonym mi\u0119dzynarodowym turnieju udzia\u0142 wzi\u0119\u0142o ponad 1700 zawodnik\u00f3w z 257 klub\u00f3w z 37 kraj\u00f3w w tym sze\u015bcioro zawodnik\u00f3w Pleszewskiego Klubu Karate. Zawody by\u0142y kolejnym etapem przygotowa\u0144 do startu w Mistrzostwach \u015awiata Karate WKF, kt\u00f3re odb\u0119d\u0105 si\u0119 w dniach 24-29.10.2023 w Budapeszcie.<br><\/p>\n\n\n\n<p>Wyniki PKK Pleszew:<\/p>\n\n\n\n<ul class=\"wp-block-list\">\n<li>5 miejsce Micha\u0142 Florczak kumite U21 -84 kg, w kumite senior\u00f3w -84 kg &#8211; 2 walki<br>wygrane,<\/li>\n\n\n\n<li>5 miejsce Bart\u0142omiej So\u0142tysiak kumite senior -84 kg,<\/li>\n\n\n\n<li>9 miejsce Maja Kolanowska kumite kadetek -47 kg,<br>Udzia\u0142 wzi\u0119li tak\u017ce<\/li>\n\n\n\n<li>Jan Podolski kumite kadet\u00f3w -63 kg &#8211; 1 walka wygrana,<\/li>\n\n\n\n<li>Dawid Wojtczak kumite kadet\u00f3w -70 kg &#8211; 1 walka wygrana,<\/li>\n\n\n\n<li>Jakub Borowczyk kumite junior\u00f3w -61 kg.<br>Trener Bart\u0142omiej So\u0142tysiak.<\/li>\n<\/ul>\n","protected":false},"excerpt":{"rendered":"<p>W bardzo silnie obsadzonym mi\u0119dzynarodowym turnieju udzia\u0142 wzi\u0119\u0142o ponad 1700 zawodnik\u00f3w z 257 klub\u00f3w z 37 kraj\u00f3w w tym sze\u015bcioro &hellip; <\/p>\n","protected":false},"author":1,"featured_media":201,"comment_status":"closed","ping_status":"closed","sticky":false,"template":"","format":"standard","meta":{"footnotes":""},"categories":[5],"tags":[],"class_list":["post-200","post","type-post","status-publish","format-standard","has-post-thumbnail","hentry","category-wydarzenia"],"_links":{"self":[{"href":"http:\/\/www.karate-pleszew.pl\/index.php\/wp-json\/wp\/v2\/posts\/200","targetHints":{"allow":["GET"]}}],"collection":[{"href":"http:\/\/www.karate-pleszew.pl\/index.php\/wp-json\/wp\/v2\/posts"}],"about":[{"href":"http:\/\/www.karate-pleszew.pl\/index.php\/wp-json\/wp\/v2\/types\/post"}],"author":[{"embeddable":true,"href":"http:\/\/www.karate-pleszew.pl\/index.php\/wp-json\/wp\/v2\/users\/1"}],"replies":[{"embeddable":true,"href":"http:\/\/www.karate-pleszew.pl\/index.php\/wp-json\/wp\/v2\/comments?post=200"}],"version-history":[{"count":1,"href":"http:\/\/www.karate-pleszew.pl\/index.php\/wp-json\/wp\/v2\/posts\/200\/revisions"}],"predecessor-version":[{"id":202,"href":"http:\/\/www.karate-pleszew.pl\/index.php\/wp-json\/wp\/v2\/posts\/200\/revisions\/202"}],"wp:featuredmedia":[{"embeddable":true,"href":"http:\/\/www.karate-pleszew.pl\/index.php\/wp-json\/wp\/v2\/media\/201"}],"wp:attachment":[{"href":"http:\/\/www.karate-pleszew.pl\/index.php\/wp-json\/wp\/v2\/media?parent=200"}],"wp:term":[{"taxonomy":"category","embeddable":true,"href":"http:\/\/www.karate-pleszew.pl\/index.php\/wp-json\/wp\/v2\/categories?post=200"},{"taxonomy":"post_tag","embeddable":true,"href":"http:\/\/www.karate-pleszew.pl\/index.php\/wp-json\/wp\/v2\/tags?post=200"}],"curies":[{"name":"wp","href":"https:\/\/api.w.org\/{rel}","templated":true}]}}