{"id":191,"date":"2023-10-08T18:12:55","date_gmt":"2023-10-08T18:12:55","guid":{"rendered":"http:\/\/www.damiano.cal24.pl\/?p=191"},"modified":"2023-10-08T18:15:02","modified_gmt":"2023-10-08T18:15:02","slug":"przygotowania-do-sezonu","status":"publish","type":"post","link":"http:\/\/www.karate-pleszew.pl\/index.php\/2023\/10\/08\/przygotowania-do-sezonu\/","title":{"rendered":"Przygotowania do sezonu"},"content":{"rendered":"\n<p>W dniach 22-23.08.2023 z zaprzyja\u017anionymi klubami Sonkei Gda\u0144sk i Kuzi Sport Paczkowo, ci\u0119\u017cko i sumiennie przepracowali\u015bmy przygotowuj\u0105c si\u0119 do nadchodz\u0105cego sezonu. Wielkie podzi\u0119kowania kierujemy w stron\u0119 naszych przyjaci\u00f3\u0142, Bartka Wzorka i Macieja Dr\u0105\u017cewskiego, za ich wsparcie.<br><\/p>\n\n\n\n<p>Bartek So\u0142tysiak<\/p>\n\n\n\n<figure class=\"wp-block-gallery has-nested-images columns-default is-cropped wp-block-gallery-1 is-layout-flex wp-block-gallery-is-layout-flex\">\n<figure class=\"wp-block-image size-large\"><img loading=\"lazy\" decoding=\"async\" width=\"1024\" height=\"768\" data-id=\"195\" src=\"http:\/\/www.karate-pleszew.pl\/wp-content\/uploads\/2023\/10\/371862790_789064943225353_675148703870555281_n.jpg\" alt=\"\" class=\"wp-image-195\" srcset=\"http:\/\/www.karate-pleszew.pl\/wp-content\/uploads\/2023\/10\/371862790_789064943225353_675148703870555281_n.jpg 1024w, http:\/\/www.karate-pleszew.pl\/wp-content\/uploads\/2023\/10\/371862790_789064943225353_675148703870555281_n-300x225.jpg 300w, http:\/\/www.karate-pleszew.pl\/wp-content\/uploads\/2023\/10\/371862790_789064943225353_675148703870555281_n-768x576.jpg 768w, http:\/\/www.karate-pleszew.pl\/wp-content\/uploads\/2023\/10\/371862790_789064943225353_675148703870555281_n-80x60.jpg 80w\" sizes=\"auto, (max-width: 1024px) 100vw, 1024px\" \/><\/figure>\n\n\n\n<figure class=\"wp-block-image size-large\"><img loading=\"lazy\" decoding=\"async\" width=\"1024\" height=\"768\" data-id=\"194\" src=\"http:\/\/www.karate-pleszew.pl\/wp-content\/uploads\/2023\/10\/371912956_789065029892011_2030999456736253741_n.jpg\" alt=\"\" class=\"wp-image-194\" srcset=\"http:\/\/www.karate-pleszew.pl\/wp-content\/uploads\/2023\/10\/371912956_789065029892011_2030999456736253741_n.jpg 1024w, http:\/\/www.karate-pleszew.pl\/wp-content\/uploads\/2023\/10\/371912956_789065029892011_2030999456736253741_n-300x225.jpg 300w, http:\/\/www.karate-pleszew.pl\/wp-content\/uploads\/2023\/10\/371912956_789065029892011_2030999456736253741_n-768x576.jpg 768w, http:\/\/www.karate-pleszew.pl\/wp-content\/uploads\/2023\/10\/371912956_789065029892011_2030999456736253741_n-80x60.jpg 80w\" sizes=\"auto, (max-width: 1024px) 100vw, 1024px\" \/><\/figure>\n\n\n\n<figure class=\"wp-block-image size-large\"><img loading=\"lazy\" decoding=\"async\" width=\"1024\" height=\"768\" data-id=\"193\" src=\"http:\/\/www.karate-pleszew.pl\/wp-content\/uploads\/2023\/10\/371890445_789065033225344_1246622839792101545_n.jpg\" alt=\"\" class=\"wp-image-193\" srcset=\"http:\/\/www.karate-pleszew.pl\/wp-content\/uploads\/2023\/10\/371890445_789065033225344_1246622839792101545_n.jpg 1024w, http:\/\/www.karate-pleszew.pl\/wp-content\/uploads\/2023\/10\/371890445_789065033225344_1246622839792101545_n-300x225.jpg 300w, http:\/\/www.karate-pleszew.pl\/wp-content\/uploads\/2023\/10\/371890445_789065033225344_1246622839792101545_n-768x576.jpg 768w, http:\/\/www.karate-pleszew.pl\/wp-content\/uploads\/2023\/10\/371890445_789065033225344_1246622839792101545_n-80x60.jpg 80w\" sizes=\"auto, (max-width: 1024px) 100vw, 1024px\" \/><\/figure>\n\n\n\n<figure class=\"wp-block-image size-large\"><img loading=\"lazy\" decoding=\"async\" width=\"1024\" height=\"768\" data-id=\"192\" src=\"http:\/\/www.karate-pleszew.pl\/wp-content\/uploads\/2023\/10\/371912778_789064849892029_3134691059213973193_n.jpg\" alt=\"\" class=\"wp-image-192\" srcset=\"http:\/\/www.karate-pleszew.pl\/wp-content\/uploads\/2023\/10\/371912778_789064849892029_3134691059213973193_n.jpg 1024w, http:\/\/www.karate-pleszew.pl\/wp-content\/uploads\/2023\/10\/371912778_789064849892029_3134691059213973193_n-300x225.jpg 300w, http:\/\/www.karate-pleszew.pl\/wp-content\/uploads\/2023\/10\/371912778_789064849892029_3134691059213973193_n-768x576.jpg 768w, http:\/\/www.karate-pleszew.pl\/wp-content\/uploads\/2023\/10\/371912778_789064849892029_3134691059213973193_n-80x60.jpg 80w\" sizes=\"auto, (max-width: 1024px) 100vw, 1024px\" \/><\/figure>\n<\/figure>\n","protected":false},"excerpt":{"rendered":"<p>W dniach 22-23.08.2023 z zaprzyja\u017anionymi klubami Sonkei Gda\u0144sk i Kuzi Sport Paczkowo, ci\u0119\u017cko i sumiennie przepracowali\u015bmy przygotowuj\u0105c si\u0119 do nadchodz\u0105cego &hellip; <\/p>\n","protected":false},"author":1,"featured_media":195,"comment_status":"closed","ping_status":"closed","sticky":false,"template":"","format":"standard","meta":{"footnotes":""},"categories":[5],"tags":[],"class_list":["post-191","post","type-post","status-publish","format-standard","has-post-thumbnail","hentry","category-wydarzenia"],"_links":{"self":[{"href":"http:\/\/www.karate-pleszew.pl\/index.php\/wp-json\/wp\/v2\/posts\/191","targetHints":{"allow":["GET"]}}],"collection":[{"href":"http:\/\/www.karate-pleszew.pl\/index.php\/wp-json\/wp\/v2\/posts"}],"about":[{"href":"http:\/\/www.karate-pleszew.pl\/index.php\/wp-json\/wp\/v2\/types\/post"}],"author":[{"embeddable":true,"href":"http:\/\/www.karate-pleszew.pl\/index.php\/wp-json\/wp\/v2\/users\/1"}],"replies":[{"embeddable":true,"href":"http:\/\/www.karate-pleszew.pl\/index.php\/wp-json\/wp\/v2\/comments?post=191"}],"version-history":[{"count":3,"href":"http:\/\/www.karate-pleszew.pl\/index.php\/wp-json\/wp\/v2\/posts\/191\/revisions"}],"predecessor-version":[{"id":199,"href":"http:\/\/www.karate-pleszew.pl\/index.php\/wp-json\/wp\/v2\/posts\/191\/revisions\/199"}],"wp:featuredmedia":[{"embeddable":true,"href":"http:\/\/www.karate-pleszew.pl\/index.php\/wp-json\/wp\/v2\/media\/195"}],"wp:attachment":[{"href":"http:\/\/www.karate-pleszew.pl\/index.php\/wp-json\/wp\/v2\/media?parent=191"}],"wp:term":[{"taxonomy":"category","embeddable":true,"href":"http:\/\/www.karate-pleszew.pl\/index.php\/wp-json\/wp\/v2\/categories?post=191"},{"taxonomy":"post_tag","embeddable":true,"href":"http:\/\/www.karate-pleszew.pl\/index.php\/wp-json\/wp\/v2\/tags?post=191"}],"curies":[{"name":"wp","href":"https:\/\/api.w.org\/{rel}","templated":true}]}}