{"id":187,"date":"2023-08-22T10:45:34","date_gmt":"2023-08-22T10:45:34","guid":{"rendered":"http:\/\/www.damiano.cal24.pl\/?p=187"},"modified":"2023-08-22T10:45:34","modified_gmt":"2023-08-22T10:45:34","slug":"karate-1-youth-league-w-porec-29-06-2-07-2023-chorwacja","status":"publish","type":"post","link":"http:\/\/www.karate-pleszew.pl\/index.php\/2023\/08\/22\/karate-1-youth-league-w-porec-29-06-2-07-2023-chorwacja\/","title":{"rendered":"Karate 1 Youth League w Porec 29.06-2.07.2023 Chorwacja"},"content":{"rendered":"\n<p>7 miejsce zaj\u0119\u0142a Maja Kolanowska w konkurencji kumite juniorki m\u0142odsze -47 kg.<\/p>\n\n\n\n<p>Maja Kolanowska wygra\u0142a 2 walki w eliminacjach oraz 1 walke w repasa\u017cach. W tej konkurencji udzia\u0142 wzi\u0119\u0142o 96 zawodniczek z kilkudziesi\u0119ciu pa\u0144stw.<\/p>\n\n\n\n<p>Udzia\u0142 tak\u017ce wzieli Jakub Borowczyk kumite junior -61kg oraz Micha\u0142 Florczak kumite U21 -84kg.<\/p>\n\n\n\n<p>Trener Bart\u0142omiej So\u0142tysiak<\/p>\n\n\n\n<p>\u0141\u0105cznie w zawodach udzia\u0142 wzi\u0119\u0142o ponad 3000 zawodnik\u00f3w z 79 pa\u0144stw.<\/p>\n","protected":false},"excerpt":{"rendered":"<p>7 miejsce zaj\u0119\u0142a Maja Kolanowska w konkurencji kumite juniorki m\u0142odsze -47 kg. Maja Kolanowska wygra\u0142a 2 walki w eliminacjach oraz &hellip; <\/p>\n","protected":false},"author":1,"featured_media":188,"comment_status":"closed","ping_status":"closed","sticky":false,"template":"","format":"standard","meta":{"footnotes":""},"categories":[5],"tags":[],"class_list":["post-187","post","type-post","status-publish","format-standard","has-post-thumbnail","hentry","category-wydarzenia"],"_links":{"self":[{"href":"http:\/\/www.karate-pleszew.pl\/index.php\/wp-json\/wp\/v2\/posts\/187","targetHints":{"allow":["GET"]}}],"collection":[{"href":"http:\/\/www.karate-pleszew.pl\/index.php\/wp-json\/wp\/v2\/posts"}],"about":[{"href":"http:\/\/www.karate-pleszew.pl\/index.php\/wp-json\/wp\/v2\/types\/post"}],"author":[{"embeddable":true,"href":"http:\/\/www.karate-pleszew.pl\/index.php\/wp-json\/wp\/v2\/users\/1"}],"replies":[{"embeddable":true,"href":"http:\/\/www.karate-pleszew.pl\/index.php\/wp-json\/wp\/v2\/comments?post=187"}],"version-history":[{"count":1,"href":"http:\/\/www.karate-pleszew.pl\/index.php\/wp-json\/wp\/v2\/posts\/187\/revisions"}],"predecessor-version":[{"id":189,"href":"http:\/\/www.karate-pleszew.pl\/index.php\/wp-json\/wp\/v2\/posts\/187\/revisions\/189"}],"wp:featuredmedia":[{"embeddable":true,"href":"http:\/\/www.karate-pleszew.pl\/index.php\/wp-json\/wp\/v2\/media\/188"}],"wp:attachment":[{"href":"http:\/\/www.karate-pleszew.pl\/index.php\/wp-json\/wp\/v2\/media?parent=187"}],"wp:term":[{"taxonomy":"category","embeddable":true,"href":"http:\/\/www.karate-pleszew.pl\/index.php\/wp-json\/wp\/v2\/categories?post=187"},{"taxonomy":"post_tag","embeddable":true,"href":"http:\/\/www.karate-pleszew.pl\/index.php\/wp-json\/wp\/v2\/tags?post=187"}],"curies":[{"name":"wp","href":"https:\/\/api.w.org\/{rel}","templated":true}]}}