{"id":150,"date":"2023-05-23T04:44:39","date_gmt":"2023-05-23T04:44:39","guid":{"rendered":"http:\/\/www.damiano.cal24.pl\/?p=150"},"modified":"2023-05-29T05:49:53","modified_gmt":"2023-05-29T05:49:53","slug":"x-edycja-energa-grand-prix-karate","status":"publish","type":"post","link":"http:\/\/www.karate-pleszew.pl\/index.php\/2023\/05\/23\/x-edycja-energa-grand-prix-karate\/","title":{"rendered":"X edycja Energa Grand Prix Karate"},"content":{"rendered":"\n<p>Cz\u0142onkowie Pleszewskiego Klubu Karate ponownie rywalizowali w zawodach rankingowych. Tym razem turniej odbywa\u0142 si\u0119 w Tczewie, gdzie pleszewianie wywalczyli 5 medali. To jeden z ostatnich sprawdzian\u00f3w przed Mistrzostwami Polski.<\/p>\n\n\n\n<p>Zawodnicy Pleszewskiego Klubu Karate bardzo dobrze spisali si\u0119 w miniony weekend bior\u0105c udzia\u0142 w kolejnych zawodach rankingowych. By\u0142a to X edycja Energa Grand Prix Karate odbywaj\u0105ca si\u0119 w Tczewie. Pleszewscy zawodnicy zanotowali tam bardzo dobre wyst\u0119py i wywalczyli 5 medali w tym 2 z\u0142ote, 2 srebrne i 1 br\u0105zowy.<\/p>\n\n\n\n<p>Z\u0142oto zdoby\u0142a Maja Kolanowska w kumite ind juniorek m\u0142odszych -47kg oraz Micha\u0142 Florczak w kumite ind senior\u00f3w -84kg. Srebrny medal wywalczy\u0142 Jakub Borowczyk w kumite ind junior\u00f3w -61kg oraz Bart\u0142omiej So\u0142tysiak w kumite ind senior\u00f3w -84kg. Na trzecim stopniu podium stan\u0105\u0142 Micha\u0142 Florczak w kumite ind U21 -84kg, kt\u00f3re odebra\u0142 tak\u017ce dodatkow\u0105 nagrod\u0119 w wysoko\u015bci 100 euro za zaj\u0119cie pierwszego miejsca w konkurencji kumite ind senior\u00f3w -84kg.<\/p>\n\n\n\n<p>Wyniki naszych reprezentant\u00f3w napawaj\u0105 optymizmem przed zbli\u017caj\u0105cymi si\u0119 Mistrzostwami Polski, kt\u00f3re odb\u0119d\u0105 si\u0119 w dniach 3-4 czerwca w Zielonki-Parcela ko\u0142o Warszawy.<\/p>\n\n\n\n<p>Trener Bart\u0142omiej So\u0142tysiak<\/p>\n","protected":false},"excerpt":{"rendered":"<p>Cz\u0142onkowie Pleszewskiego Klubu Karate ponownie rywalizowali w zawodach rankingowych. Tym razem turniej odbywa\u0142 si\u0119 w Tczewie, gdzie pleszewianie wywalczyli 5 &hellip; <\/p>\n","protected":false},"author":1,"featured_media":151,"comment_status":"closed","ping_status":"closed","sticky":false,"template":"","format":"standard","meta":{"footnotes":""},"categories":[5],"tags":[],"class_list":["post-150","post","type-post","status-publish","format-standard","has-post-thumbnail","hentry","category-wydarzenia"],"_links":{"self":[{"href":"http:\/\/www.karate-pleszew.pl\/index.php\/wp-json\/wp\/v2\/posts\/150","targetHints":{"allow":["GET"]}}],"collection":[{"href":"http:\/\/www.karate-pleszew.pl\/index.php\/wp-json\/wp\/v2\/posts"}],"about":[{"href":"http:\/\/www.karate-pleszew.pl\/index.php\/wp-json\/wp\/v2\/types\/post"}],"author":[{"embeddable":true,"href":"http:\/\/www.karate-pleszew.pl\/index.php\/wp-json\/wp\/v2\/users\/1"}],"replies":[{"embeddable":true,"href":"http:\/\/www.karate-pleszew.pl\/index.php\/wp-json\/wp\/v2\/comments?post=150"}],"version-history":[{"count":5,"href":"http:\/\/www.karate-pleszew.pl\/index.php\/wp-json\/wp\/v2\/posts\/150\/revisions"}],"predecessor-version":[{"id":158,"href":"http:\/\/www.karate-pleszew.pl\/index.php\/wp-json\/wp\/v2\/posts\/150\/revisions\/158"}],"wp:featuredmedia":[{"embeddable":true,"href":"http:\/\/www.karate-pleszew.pl\/index.php\/wp-json\/wp\/v2\/media\/151"}],"wp:attachment":[{"href":"http:\/\/www.karate-pleszew.pl\/index.php\/wp-json\/wp\/v2\/media?parent=150"}],"wp:term":[{"taxonomy":"category","embeddable":true,"href":"http:\/\/www.karate-pleszew.pl\/index.php\/wp-json\/wp\/v2\/categories?post=150"},{"taxonomy":"post_tag","embeddable":true,"href":"http:\/\/www.karate-pleszew.pl\/index.php\/wp-json\/wp\/v2\/tags?post=150"}],"curies":[{"name":"wp","href":"https:\/\/api.w.org\/{rel}","templated":true}]}}